{"id":48499,"date":"2025-07-06T12:21:06","date_gmt":"2025-07-06T12:21:06","guid":{"rendered":"https:\/\/www.diasdavilaacontece.com\/?p=48499"},"modified":"2025-07-06T12:22:38","modified_gmt":"2025-07-06T12:22:38","slug":"homem-morre-em-troca-de-tiros-com-a-pm-na-concordia","status":"publish","type":"post","link":"https:\/\/www.diasdavilaacontece.com\/?p=48499","title":{"rendered":"HOMEM MORRE EM TROCA DE TIROS COM A PM NA CONC\u00d3RDIA"},"content":{"rendered":"<p data-start=\"453\" data-end=\"663\">Um homem morreu ap\u00f3s um confronto com policiais da RONDESP, na tarde de sexta-feira (4), no bairro da Conc\u00f3rdia, em Dias d\u2019\u00c1vila.<\/p>\n<p data-start=\"665\" data-end=\"935\">Conforme informa\u00e7\u00f5es da Pol\u00edcia Militar, a guarni\u00e7\u00e3o fazia patrulhamento de rotina no referido bairro, quando deparou com indiv\u00edduos armados que, ao notarem a presen\u00e7a da PM, iniciaram disparos contra os policiais, que revidaram, dando in\u00edcio a uma troca de tiros.<\/p>\n<p data-start=\"937\" data-end=\"1179\">O grupo conseguiu fugir inicialmente.<\/p>\n<p data-start=\"937\" data-end=\"1179\">Os PMs, no entanto, continuaram o acompanhamento e, em uma nova investida, houve novo confronto.<\/p>\n<p data-start=\"937\" data-end=\"1179\">Um dos suspeitos foi atingido, socorrido e encaminhado a uma unidade de sa\u00fade da regi\u00e3o, onde evoluiu a \u00f3bito.<\/p>\n<p data-start=\"1181\" data-end=\"1424\">Com essa pessoa, ainda n\u00e3o divulgada a sua identidade, foram apreendidos uma pistola calibre 9 mm, um carregador, muni\u00e7\u00f5es, 101 pinos de coca\u00edna, 62 pedras de crack, quatro por\u00e7\u00f5es de maconha, uma balaclava, uma mochila e dois cadernos com anota\u00e7\u00f5es referentes ao tr\u00e1fico de drogas.<\/p>\n<p data-start=\"1426\" data-end=\"1646\">Todo o material foi apresentado na 25\u00aa Delegacia Territorial (DT) de Dias d\u2019\u00c1vila, onde a ocorr\u00eancia foi formalmente registrada. Os demais suspeitos envolvidos na a\u00e7\u00e3o seguem sendo procurados pelas autoridades policiais.<\/p>\n<h3>Related Images:<\/h3>","protected":false},"excerpt":{"rendered":"<p>Um homem morreu ap\u00f3s um confronto com policiais da RONDESP, na tarde de sexta-feira (4),&#8230;<\/p>\n","protected":false},"author":1,"featured_media":46869,"comment_status":"closed","ping_status":"open","sticky":false,"template":"","format":"standard","meta":{"sfsi_plus_gutenberg_text_before_share":"","sfsi_plus_gutenberg_show_text_before_share":"","sfsi_plus_gutenberg_icon_type":"","sfsi_plus_gutenberg_icon_alignemt":"","sfsi_plus_gutenburg_max_per_row":"","_exactmetrics_skip_tracking":false,"_exactmetrics_sitenote_active":false,"_exactmetrics_sitenote_note":"","_exactmetrics_sitenote_category":0,"ngg_post_thumbnail":0,"footnotes":""},"categories":[56],"tags":[],"class_list":["post-48499","post","type-post","status-publish","format-standard","has-post-thumbnail","hentry","category-dias-davila"],"_links":{"self":[{"href":"https:\/\/www.diasdavilaacontece.com\/index.php?rest_route=\/wp\/v2\/posts\/48499","targetHints":{"allow":["GET"]}}],"collection":[{"href":"https:\/\/www.diasdavilaacontece.com\/index.php?rest_route=\/wp\/v2\/posts"}],"about":[{"href":"https:\/\/www.diasdavilaacontece.com\/index.php?rest_route=\/wp\/v2\/types\/post"}],"author":[{"embeddable":true,"href":"https:\/\/www.diasdavilaacontece.com\/index.php?rest_route=\/wp\/v2\/users\/1"}],"replies":[{"embeddable":true,"href":"https:\/\/www.diasdavilaacontece.com\/index.php?rest_route=%2Fwp%2Fv2%2Fcomments&post=48499"}],"version-history":[{"count":1,"href":"https:\/\/www.diasdavilaacontece.com\/index.php?rest_route=\/wp\/v2\/posts\/48499\/revisions"}],"predecessor-version":[{"id":48500,"href":"https:\/\/www.diasdavilaacontece.com\/index.php?rest_route=\/wp\/v2\/posts\/48499\/revisions\/48500"}],"wp:featuredmedia":[{"embeddable":true,"href":"https:\/\/www.diasdavilaacontece.com\/index.php?rest_route=\/wp\/v2\/media\/46869"}],"wp:attachment":[{"href":"https:\/\/www.diasdavilaacontece.com\/index.php?rest_route=%2Fwp%2Fv2%2Fmedia&parent=48499"}],"wp:term":[{"taxonomy":"category","embeddable":true,"href":"https:\/\/www.diasdavilaacontece.com\/index.php?rest_route=%2Fwp%2Fv2%2Fcategories&post=48499"},{"taxonomy":"post_tag","embeddable":true,"href":"https:\/\/www.diasdavilaacontece.com\/index.php?rest_route=%2Fwp%2Fv2%2Ftags&post=48499"}],"curies":[{"name":"wp","href":"https:\/\/api.w.org\/{rel}","templated":true}]}}