{"id":49276,"date":"2025-09-04T12:09:30","date_gmt":"2025-09-04T12:09:30","guid":{"rendered":"https:\/\/www.diasdavilaacontece.com\/?p=49276"},"modified":"2025-09-04T12:09:30","modified_gmt":"2025-09-04T12:09:30","slug":"pec-da-economia-fiscal-a-prefeituras-e-aprovada-no-senado","status":"publish","type":"post","link":"https:\/\/www.diasdavilaacontece.com\/?p=49276","title":{"rendered":"PEC DA ECONOMIA FISCAL \u00c0 PREFEITURAS \u00c9 APROVADA NO SENADO"},"content":{"rendered":"<div class=\"vc_column tdi_70  wpb_column vc_column_container tdc-column td-pb-span8\">\n<div class=\"wpb_wrapper\">\n<div class=\"td_block_wrap tdb_single_content tdi_72 td-pb-border-top td_block_template_1 td-post-content tagdiv-type\" data-td-block-uid=\"tdi_72\">\n<div class=\"tdb-block-inner td-fix-index\">\n<p>O Senado Federal aprovou, na ter\u00e7a-feira (02\/09), em segundo turno, a Proposta de Emenda \u00e0 Constitui\u00e7\u00e3o (PEC) 66\/2023, considerada uma das principais pautas do movimento municipalista em todo pa\u00eds. A medida, que prev\u00ea a renegocia\u00e7\u00e3o de d\u00edvidas e a cria\u00e7\u00e3o de mecanismos para gerar economia fiscal \u00e0s prefeituras, agora segue para promulga\u00e7\u00e3o pelo Congresso Nacional e passar\u00e1 a integrar a Constitui\u00e7\u00e3o Federal.<\/p>\n<p>A vota\u00e7\u00e3o foi resultado de intensa articula\u00e7\u00e3o pol\u00edtica do senador baiano Angelo Coronel (PSD), que vinha cobrando insistentemente a an\u00e1lise da proposta junto ao presidente da Casa, Davi Alcolumbre (Uni\u00e3o Brasil-AP).<\/p>\n<p>O parlamentar celebrou a aprova\u00e7\u00e3o e classificou a decis\u00e3o como uma vit\u00f3ria para os munic\u00edpios brasileiros.<\/p>\n<p>O senador em quest\u00e3o, lembrou ainda que sua atua\u00e7\u00e3o municipalista j\u00e1 havia garantido avan\u00e7os anteriores, como a redu\u00e7\u00e3o da al\u00edquota previdenci\u00e1ria das prefeituras.<\/p>\n<p>&nbsp;<\/p>\n<p><strong>O que muda com a PEC 66\/23<\/strong><\/p>\n<p><strong>Renegocia\u00e7\u00e3o de d\u00edvidas:<\/strong>&nbsp;Prefeituras ter\u00e3o a chance de parcelar d\u00e9bitos previdenci\u00e1rios novamente, com prazos estendidos.<\/p>\n<p><strong>Al\u00edvio fiscal:<\/strong>&nbsp;Medidas que reduzem o peso das d\u00edvidas nas contas p\u00fablicas, liberando recursos para investimentos em \u00e1reas essenciais.<\/p>\n<p><strong>Economia imediata:<\/strong>&nbsp;Cidades poder\u00e3o reorganizar seu or\u00e7amento e priorizar sa\u00fade, educa\u00e7\u00e3o, infraestrutura e assist\u00eancia social.<\/p>\n<p><strong>Mais seguran\u00e7a jur\u00eddica:<\/strong> A PEC passa a integrar a Constitui\u00e7\u00e3o, garantindo estabilidade \u00e0s regras e evitando retrocessos.<\/p>\n<\/div>\n<\/div>\n<div class=\"clearfix\">&nbsp;<\/div>\n<\/div>\n<\/div>\n<div class=\"vc_column tdi_75  wpb_column vc_column_container tdc-column td-pb-span4 td-is-sticky\">\n<div class=\"wpb_wrapper\" data-sticky-enabled-on=\"W3RydWUsdHJ1ZSx0cnVlLHRydWVd\" data-sticky-offset=\"20\" data-sticky-is-width-auto=\"W2ZhbHNlLGZhbHNlLGZhbHNlLGZhbHNlXQ==\">\n<div class=\"clearfix\">&nbsp;<\/div>\n<div class=\"vc_row_inner tdi_78  vc_row vc_inner wpb_row td-pb-row\">\n<div class=\"vc_column_inner tdi_80  wpb_column vc_column_container tdc-inner-column td-pb-span12\">\n<div class=\"vc_column-inner\">\n<div class=\"wpb_wrapper\">\n<div class=\"td_block_wrap td_flex_block_1 tdi_81 td-pb-border-top td-reel-news-img-shadow-sm td_block_template_1 td_flex_block\" data-td-block-uid=\"tdi_81\">\n<div class=\"td-block-title-wrap\">&nbsp;<\/div>\n<div id=\"tdi_81\" class=\"td_block_inner td-mc1-wrap\">\n<div class=\"td_module_flex td_module_flex_1 td_module_wrap td-animation-stack td-cpt-post\">\n<div class=\"td-module-container td-category-pos-\">\n<div class=\"td-image-container\">\n<div class=\"td-module-thumb\">&nbsp;<\/div>\n<\/div>\n<\/div>\n<\/div>\n<\/div>\n<\/div>\n<\/div>\n<\/div>\n<\/div>\n<\/div>\n<\/div>\n<\/div>\n<h3>Related Images:<\/h3>","protected":false},"excerpt":{"rendered":"<p>O Senado Federal aprovou, na ter\u00e7a-feira (02\/09), em segundo turno, a Proposta de Emenda \u00e0&#8230;<\/p>\n","protected":false},"author":1,"featured_media":49277,"comment_status":"closed","ping_status":"open","sticky":false,"template":"","format":"standard","meta":{"sfsi_plus_gutenberg_text_before_share":"","sfsi_plus_gutenberg_show_text_before_share":"","sfsi_plus_gutenberg_icon_type":"","sfsi_plus_gutenberg_icon_alignemt":"","sfsi_plus_gutenburg_max_per_row":"","_exactmetrics_skip_tracking":false,"_exactmetrics_sitenote_active":false,"_exactmetrics_sitenote_note":"","_exactmetrics_sitenote_category":0,"ngg_post_thumbnail":0,"footnotes":""},"categories":[56],"tags":[],"class_list":["post-49276","post","type-post","status-publish","format-standard","has-post-thumbnail","hentry","category-dias-davila"],"_links":{"self":[{"href":"https:\/\/www.diasdavilaacontece.com\/index.php?rest_route=\/wp\/v2\/posts\/49276","targetHints":{"allow":["GET"]}}],"collection":[{"href":"https:\/\/www.diasdavilaacontece.com\/index.php?rest_route=\/wp\/v2\/posts"}],"about":[{"href":"https:\/\/www.diasdavilaacontece.com\/index.php?rest_route=\/wp\/v2\/types\/post"}],"author":[{"embeddable":true,"href":"https:\/\/www.diasdavilaacontece.com\/index.php?rest_route=\/wp\/v2\/users\/1"}],"replies":[{"embeddable":true,"href":"https:\/\/www.diasdavilaacontece.com\/index.php?rest_route=%2Fwp%2Fv2%2Fcomments&post=49276"}],"version-history":[{"count":1,"href":"https:\/\/www.diasdavilaacontece.com\/index.php?rest_route=\/wp\/v2\/posts\/49276\/revisions"}],"predecessor-version":[{"id":49278,"href":"https:\/\/www.diasdavilaacontece.com\/index.php?rest_route=\/wp\/v2\/posts\/49276\/revisions\/49278"}],"wp:featuredmedia":[{"embeddable":true,"href":"https:\/\/www.diasdavilaacontece.com\/index.php?rest_route=\/wp\/v2\/media\/49277"}],"wp:attachment":[{"href":"https:\/\/www.diasdavilaacontece.com\/index.php?rest_route=%2Fwp%2Fv2%2Fmedia&parent=49276"}],"wp:term":[{"taxonomy":"category","embeddable":true,"href":"https:\/\/www.diasdavilaacontece.com\/index.php?rest_route=%2Fwp%2Fv2%2Fcategories&post=49276"},{"taxonomy":"post_tag","embeddable":true,"href":"https:\/\/www.diasdavilaacontece.com\/index.php?rest_route=%2Fwp%2Fv2%2Ftags&post=49276"}],"curies":[{"name":"wp","href":"https:\/\/api.w.org\/{rel}","templated":true}]}}