{"id":50473,"date":"2025-12-01T14:15:31","date_gmt":"2025-12-01T14:15:31","guid":{"rendered":"https:\/\/www.diasdavilaacontece.com\/?p=50473"},"modified":"2025-12-01T14:15:31","modified_gmt":"2025-12-01T14:15:31","slug":"vereadora-maria-imperatriz-e-destaque-como-politica-mulher-2025-em-dias-davila","status":"publish","type":"post","link":"https:\/\/www.diasdavilaacontece.com\/?p=50473","title":{"rendered":"VEREADORA MARIA IMPERATRIZ \u00c9 DESTAQUE COMO &#8216;POL\u00cdTICA MULHER 2025&#8217; EM DIAS D&#8217;\u00c1VILA"},"content":{"rendered":"<p data-start=\"243\" data-end=\"531\">O Jornal e Site <em data-start=\"259\" data-end=\"282\">Dias d\u2019\u00c1vila Acontece<\/em> reconheceu e destacou que, em 2025, a vereadora <strong data-start=\"316\" data-end=\"358\">Maria Imperatriz Aguiar da Silva (PSD)<\/strong> como <strong data-start=\"364\" data-end=\"401\">\u201cPol\u00edtica Destaque Mulher\u201d<\/strong>, um certificado concedido a personalidades cuja trajet\u00f3ria ultrapassa a pol\u00edtica e se entrela\u00e7a com a pr\u00f3pria hist\u00f3ria da cidade.<\/p>\n<p data-start=\"533\" data-end=\"887\">Aos <strong data-start=\"537\" data-end=\"548\">68 anos<\/strong>, nascida em Tobias Barreto (SE), Imperatriz chegou a Dias d\u2019\u00c1vila em <strong data-start=\"618\" data-end=\"626\">1979<\/strong>, embora j\u00e1 tivesse la\u00e7os afetivos com o munic\u00edpio desde antes, quando costumava veranear na regi\u00e3o. Professora, educadora por voca\u00e7\u00e3o e figura presente no desenvolvimento comunit\u00e1rio, ela carrega d\u00e9cadas de contribui\u00e7\u00e3o \u00e0 vida social e institucional da cidade.<\/p>\n<p data-start=\"889\" data-end=\"1261\">Imperatriz lecionou em escolas como <strong data-start=\"925\" data-end=\"944\">Anita Rodrigues<\/strong>, <strong data-start=\"946\" data-end=\"966\">Madre Diamantina e<\/strong>&nbsp;<strong data-start=\"968\" data-end=\"999\">Escola Particular da M\u00f4nica<\/strong>. Em <strong data-start=\"1028\" data-end=\"1036\">1981<\/strong>, ingressou na escola <strong data-start=\"1051\" data-end=\"1072\">Anfr\u00edsia Santiago com professora<\/strong>, depois se tornou vice-diretora e depois diretora. Em parceria com a <strong data-start=\"1140\" data-end=\"1150\">COPENE<\/strong> e o munic\u00edpio, participou da cria\u00e7\u00e3o do primeiro &#8216;<strong data-start=\"1200\" data-end=\"1212\">prezinho&#8217;<\/strong> da cidade \u2014 um marco na educa\u00e7\u00e3o infantil local.<\/p>\n<p data-start=\"1263\" data-end=\"1623\">Al\u00e9m da \u00e1rea educacional, dedicou <strong data-start=\"1297\" data-end=\"1310\">sete anos<\/strong> \u00e0 coordena\u00e7\u00e3o da Igreja Cat\u00f3lica e passou <strong data-start=\"1353\" data-end=\"1369\">tr\u00eas d\u00e9cadas<\/strong> como membro do Conselho Construtivo da COFIC &#8211; no Polo de Apoio, onde tamb\u00e9m exerceu cargo diretivo. Sua carreira pol\u00edtica come\u00e7ou em <strong data-start=\"1485\" data-end=\"1493\">1996<\/strong>, e hoje ela est\u00e1 em seu <strong data-start=\"1518\" data-end=\"1536\">s\u00e9timo mandato<\/strong>, sendo uma das figuras femininas mais longevas e influentes da pol\u00edtica diasdavilense.<\/p>\n<p data-start=\"1625\" data-end=\"1707\">Ao receber o certificado de reconhecimento pela verean\u00e7a em 2025, a edil declarou:<\/p>\n<p data-start=\"1709\" data-end=\"1999\"><strong data-start=\"1709\" data-end=\"1999\">\u201cEste pr\u00eamio n\u00e3o \u00e9 apenas sobre mim; \u00e9 sobre todas as mulheres que constroem esta cidade com coragem, trabalho e f\u00e9. Levo comigo a responsabilidade de continuar servindo, ouvindo e cuidando do povo de Dias d\u2019\u00c1vila. Enquanto eu tiver voz e for\u00e7a, estarei aqui para honrar essa hist\u00f3ria.\u201d<\/strong><\/p>\n<p data-start=\"2001\" data-end=\"2151\">A homenagem refor\u00e7a a import\u00e2ncia de lideran\u00e7as femininas que atravessam gera\u00e7\u00f5es e deixam marcas profundas na constru\u00e7\u00e3o social e pol\u00edtica da cidade.<\/p>\n<h3>Related Images:<\/h3>","protected":false},"excerpt":{"rendered":"<p>O Jornal e Site Dias d\u2019\u00c1vila Acontece reconheceu e destacou que, em 2025, a vereadora&#8230;<\/p>\n","protected":false},"author":1,"featured_media":50474,"comment_status":"closed","ping_status":"open","sticky":false,"template":"","format":"standard","meta":{"sfsi_plus_gutenberg_text_before_share":"","sfsi_plus_gutenberg_show_text_before_share":"","sfsi_plus_gutenberg_icon_type":"","sfsi_plus_gutenberg_icon_alignemt":"","sfsi_plus_gutenburg_max_per_row":"","_exactmetrics_skip_tracking":false,"_exactmetrics_sitenote_active":false,"_exactmetrics_sitenote_note":"","_exactmetrics_sitenote_category":0,"ngg_post_thumbnail":0,"footnotes":""},"categories":[5],"tags":[],"class_list":["post-50473","post","type-post","status-publish","format-standard","has-post-thumbnail","hentry","category-destaques"],"_links":{"self":[{"href":"https:\/\/www.diasdavilaacontece.com\/index.php?rest_route=\/wp\/v2\/posts\/50473","targetHints":{"allow":["GET"]}}],"collection":[{"href":"https:\/\/www.diasdavilaacontece.com\/index.php?rest_route=\/wp\/v2\/posts"}],"about":[{"href":"https:\/\/www.diasdavilaacontece.com\/index.php?rest_route=\/wp\/v2\/types\/post"}],"author":[{"embeddable":true,"href":"https:\/\/www.diasdavilaacontece.com\/index.php?rest_route=\/wp\/v2\/users\/1"}],"replies":[{"embeddable":true,"href":"https:\/\/www.diasdavilaacontece.com\/index.php?rest_route=%2Fwp%2Fv2%2Fcomments&post=50473"}],"version-history":[{"count":1,"href":"https:\/\/www.diasdavilaacontece.com\/index.php?rest_route=\/wp\/v2\/posts\/50473\/revisions"}],"predecessor-version":[{"id":50475,"href":"https:\/\/www.diasdavilaacontece.com\/index.php?rest_route=\/wp\/v2\/posts\/50473\/revisions\/50475"}],"wp:featuredmedia":[{"embeddable":true,"href":"https:\/\/www.diasdavilaacontece.com\/index.php?rest_route=\/wp\/v2\/media\/50474"}],"wp:attachment":[{"href":"https:\/\/www.diasdavilaacontece.com\/index.php?rest_route=%2Fwp%2Fv2%2Fmedia&parent=50473"}],"wp:term":[{"taxonomy":"category","embeddable":true,"href":"https:\/\/www.diasdavilaacontece.com\/index.php?rest_route=%2Fwp%2Fv2%2Fcategories&post=50473"},{"taxonomy":"post_tag","embeddable":true,"href":"https:\/\/www.diasdavilaacontece.com\/index.php?rest_route=%2Fwp%2Fv2%2Ftags&post=50473"}],"curies":[{"name":"wp","href":"https:\/\/api.w.org\/{rel}","templated":true}]}}