{"id":50476,"date":"2025-12-02T12:21:11","date_gmt":"2025-12-02T12:21:11","guid":{"rendered":"https:\/\/www.diasdavilaacontece.com\/?p=50476"},"modified":"2025-12-02T12:22:27","modified_gmt":"2025-12-02T12:22:27","slug":"banco-central-lanca-ferramenta-que-o-cidadao-pode-bloquear-aberturas-de-contas-em-seu-nome","status":"publish","type":"post","link":"https:\/\/www.diasdavilaacontece.com\/?p=50476","title":{"rendered":"BANCO CENTRAL LAN\u00c7A FERRAMENTA QUE O CIDAD\u00c3O PODE BLOQUEAR ABERTURAS DE CONTAS EM SEU NOME"},"content":{"rendered":"<p data-t=\"{&quot;n&quot;:&quot;blueLinks&quot;,&quot;t&quot;:13,&quot;a&quot;:&quot;click&quot;,&quot;b&quot;:76}\">O Banco Central lan\u00e7ou nesta segunda-feira (1\u00ba) o &#8220;BC Protege Mais&#8221;, ferramenta que permite ao cidad\u00e3o informar o sistema financeiro que n\u00e3o deseja a abertura de contas em seu nome. A nova utilidade entrou em opera\u00e7\u00e3o \u00e0s 10h e j\u00e1 registrou 7.800 ativa\u00e7\u00f5es, al\u00e9m de 500 mil consultas feitas por institui\u00e7\u00f5es financeiras.<\/p>\n<div class=\"intra-article-module\" data-t=\"{&quot;n&quot;:&quot;intraArticle&quot;,&quot;t&quot;:13}\">\n<div class=\"articlePageIntraArticleFullWidth ad-slot-placeholder left-image-intra-ad full-bleed-image-intra-ad\" data-ad-index=\"0\">&nbsp;<\/div>\n<\/div>\n<p data-t=\"{&quot;n&quot;:&quot;blueLinks&quot;,&quot;t&quot;:13,&quot;a&quot;:&quot;click&quot;,&quot;b&quot;:76}\">A diretora de Cidadania, Supervis\u00e3o e Conduta do BC, Izabela Corr\u00eaa, afirmou que o recurso representa uma nova frente de preven\u00e7\u00e3o a fraudes e de fortalecimento da cidadania financeira. Segundo ela, o BC pensa a cidadania financeira em quatro pilares: inclus\u00e3o, participa\u00e7\u00e3o, prote\u00e7\u00e3o e educa\u00e7\u00e3o. A diretora aponta que o Protege Mais se insere diretamente no eixo de prote\u00e7\u00e3o.<\/p>\n<p data-t=\"{&quot;n&quot;:&quot;blueLinks&quot;,&quot;t&quot;:13,&quot;a&quot;:&quot;click&quot;,&quot;b&quot;:76}\">Izabela destacou que o lan\u00e7amento ocorre em um contexto de aumento de golpes e de amplia\u00e7\u00e3o da demanda por ferramentas de controle individual. Ela disse que o sistema j\u00e1 nasce integrado ao esfor\u00e7o do BC de \u201caprimorar e atender bem a sociedade\u201d, ampliando transpar\u00eancia, seguran\u00e7a e autonomia na gest\u00e3o da vida financeira.<\/p>\n<p data-t=\"{&quot;n&quot;:&quot;blueLinks&quot;,&quot;t&quot;:13,&quot;a&quot;:&quot;click&quot;,&quot;b&quot;:76}\">&nbsp;<\/p>\n<p class=\"\" data-t=\"{&quot;n&quot;:&quot;blueLinks&quot;,&quot;t&quot;:13,&quot;a&quot;:&quot;click&quot;,&quot;b&quot;:76}\"><strong>Como funciona<\/strong><\/p>\n<p data-t=\"{&quot;n&quot;:&quot;blueLinks&quot;,&quot;t&quot;:13,&quot;a&quot;:&quot;click&quot;,&quot;b&quot;:76}\">A ativa\u00e7\u00e3o \u00e9 feita dentro do ambiente Meu BC, com login Gov.br. O cidad\u00e3o acessa o card do BC Protege Mais e pode ativar ou desativar a prote\u00e7\u00e3o a qualquer momento.<\/p>\n<p data-t=\"{&quot;n&quot;:&quot;blueLinks&quot;,&quot;t&quot;:13,&quot;a&quot;:&quot;click&quot;,&quot;b&quot;:76}\">Quando a prote\u00e7\u00e3o est\u00e1 ativada, qualquer institui\u00e7\u00e3o financeira que tente abrir uma conta, poupan\u00e7a ou conta de pagamento precisa obrigatoriamente consultar o BC. A resposta ser\u00e1 autom\u00e1tica: &#8220;O titular declarou que n\u00e3o deseja abertura de conta naquele momento&#8221;.<\/p>\n<div class=\"intra-article-module\" data-t=\"{&quot;n&quot;:&quot;intraArticle&quot;,&quot;t&quot;:13}\">\n<div class=\"articlePageIntraArticleFullWidth ad-slot-placeholder left-image-intra-ad full-bleed-image-intra-ad\" data-ad-index=\"2\">&nbsp;<\/div>\n<\/div>\n<p data-t=\"{&quot;n&quot;:&quot;blueLinks&quot;,&quot;t&quot;:13,&quot;a&quot;:&quot;click&quot;,&quot;b&quot;:76}\">Se o pr\u00f3prio cidad\u00e3o quiser abrir uma conta, ele pode desativar temporariamente a prote\u00e7\u00e3o, concluir o processo e depois reativar. Tamb\u00e9m \u00e9 poss\u00edvel deixar programada a reativa\u00e7\u00e3o para o dia seguinte.<\/p>\n<p data-t=\"{&quot;n&quot;:&quot;blueLinks&quot;,&quot;t&quot;:13,&quot;a&quot;:&quot;click&quot;,&quot;b&quot;:76}\">O sistema funciona em tempo real \u2014 ativa\u00e7\u00f5es e desativa\u00e7\u00f5es valem imediatamente, e as consultas feitas pelas institui\u00e7\u00f5es financeiras retornam de acordo com o status vigente naquele instante.<\/p>\n<p data-t=\"{&quot;n&quot;:&quot;blueLinks&quot;,&quot;t&quot;:13,&quot;a&quot;:&quot;click&quot;,&quot;b&quot;:76}\">Al\u00e9m disso, o cidad\u00e3o poder\u00e1 consultar quais institui\u00e7\u00f5es financeiras buscaram seu CPF, identificando tentativas leg\u00edtimas ou suspeitas de abertura.<\/p>\n<p data-t=\"{&quot;n&quot;:&quot;blueLinks&quot;,&quot;t&quot;:13,&quot;a&quot;:&quot;click&quot;,&quot;b&quot;:76}\">Para empresas, o servi\u00e7o pode ser ativado por s\u00f3cios, representantes ou colaboradores cadastrados no m\u00f3dulo de empresas do Gov.br.<\/p>\n<h3>Related Images:<\/h3>","protected":false},"excerpt":{"rendered":"<p>O Banco Central lan\u00e7ou nesta segunda-feira (1\u00ba) o &#8220;BC Protege Mais&#8221;, ferramenta que permite ao&#8230;<\/p>\n","protected":false},"author":1,"featured_media":50477,"comment_status":"closed","ping_status":"open","sticky":false,"template":"","format":"standard","meta":{"sfsi_plus_gutenberg_text_before_share":"","sfsi_plus_gutenberg_show_text_before_share":"","sfsi_plus_gutenberg_icon_type":"","sfsi_plus_gutenberg_icon_alignemt":"","sfsi_plus_gutenburg_max_per_row":"","_exactmetrics_skip_tracking":false,"_exactmetrics_sitenote_active":false,"_exactmetrics_sitenote_note":"","_exactmetrics_sitenote_category":0,"ngg_post_thumbnail":0,"footnotes":""},"categories":[5],"tags":[],"class_list":["post-50476","post","type-post","status-publish","format-standard","has-post-thumbnail","hentry","category-destaques"],"_links":{"self":[{"href":"https:\/\/www.diasdavilaacontece.com\/index.php?rest_route=\/wp\/v2\/posts\/50476","targetHints":{"allow":["GET"]}}],"collection":[{"href":"https:\/\/www.diasdavilaacontece.com\/index.php?rest_route=\/wp\/v2\/posts"}],"about":[{"href":"https:\/\/www.diasdavilaacontece.com\/index.php?rest_route=\/wp\/v2\/types\/post"}],"author":[{"embeddable":true,"href":"https:\/\/www.diasdavilaacontece.com\/index.php?rest_route=\/wp\/v2\/users\/1"}],"replies":[{"embeddable":true,"href":"https:\/\/www.diasdavilaacontece.com\/index.php?rest_route=%2Fwp%2Fv2%2Fcomments&post=50476"}],"version-history":[{"count":3,"href":"https:\/\/www.diasdavilaacontece.com\/index.php?rest_route=\/wp\/v2\/posts\/50476\/revisions"}],"predecessor-version":[{"id":50491,"href":"https:\/\/www.diasdavilaacontece.com\/index.php?rest_route=\/wp\/v2\/posts\/50476\/revisions\/50491"}],"wp:featuredmedia":[{"embeddable":true,"href":"https:\/\/www.diasdavilaacontece.com\/index.php?rest_route=\/wp\/v2\/media\/50477"}],"wp:attachment":[{"href":"https:\/\/www.diasdavilaacontece.com\/index.php?rest_route=%2Fwp%2Fv2%2Fmedia&parent=50476"}],"wp:term":[{"taxonomy":"category","embeddable":true,"href":"https:\/\/www.diasdavilaacontece.com\/index.php?rest_route=%2Fwp%2Fv2%2Fcategories&post=50476"},{"taxonomy":"post_tag","embeddable":true,"href":"https:\/\/www.diasdavilaacontece.com\/index.php?rest_route=%2Fwp%2Fv2%2Ftags&post=50476"}],"curies":[{"name":"wp","href":"https:\/\/api.w.org\/{rel}","templated":true}]}}