{"id":50871,"date":"2026-01-04T22:20:29","date_gmt":"2026-01-04T22:20:29","guid":{"rendered":"https:\/\/www.diasdavilaacontece.com\/?p=50871"},"modified":"2026-01-05T11:38:28","modified_gmt":"2026-01-05T11:38:28","slug":"com-tendencia-a-esquerda-e-restricao-de-entrada-em-alguns-paises-conheca-a-vice-presidente-da-venezuela","status":"publish","type":"post","link":"https:\/\/www.diasdavilaacontece.com\/?p=50871","title":{"rendered":"COM TEND\u00caNCIA A ESQUERDA E RESTRI\u00c7\u00c3O DE ENTRADA EM ALGUNS PA\u00cdSES &#8211; CONHE\u00c7A A VICE PRESIDENTE DA VENEZUELA"},"content":{"rendered":"<div id=\"chunk-de6ph\">\n<div class=\"mc-column content-text active-extra-styles \" data-block-type=\"unstyled\" data-block-weight=\"41\" data-block-id=\"3\">\n<p class=\" content-text__container \" data-track-category=\"Link no Texto\" data-track-links=\"\">Ap\u00f3s a pris\u00e3o de Maduro pelos Estados Unidos,&nbsp;a&nbsp;<strong>vice-presidente Delcy Rodr\u00edguez passou ao centro da crise pol\u00edtica no pa\u00eds. <\/strong>Segundo a ag\u00eancia de not\u00edcias Reuters, ela estava na R\u00fassia no momento da ofensiva. O ministro das Rela\u00e7\u00f5es Exteriores russo, no entanto, disse que a informa\u00e7\u00e3o \u00e9 falsa.<\/p>\n<\/div>\n<\/div>\n<div class=\"wall protected-content\">\n<div id=\"chunk-3g5iv\">\n<div class=\"mc-column content-text active-extra-styles \" data-block-type=\"unstyled\" data-block-weight=\"52\" data-block-id=\"6\">\n<p class=\" content-text__container \" data-track-category=\"Link no Texto\" data-track-links=\"\">Em pronunciamento transmitido pela TV estatal, Rodr\u00edguez afirmou que o paradeiro de Maduro e de sua esposa \u00e9 desconhecido, exigiu \u201cprova de vida\u201d do presidente e classificou a a\u00e7\u00e3o como uma agress\u00e3o estrangeira. Pela Constitui\u00e7\u00e3o venezuelana, caso a remo\u00e7\u00e3o do chefe de Estado seja confirmada, cabe a vice assumir interinamente a Presid\u00eancia.<\/p>\n<\/div>\n<\/div>\n<div id=\"chunk-b1cif\">\n<div class=\"content-ads content-ads--reveal\" data-block-type=\"ads\" data-block-id=\"7\">&nbsp;<\/div>\n<\/div>\n<div id=\"chunk-4dnuc\">\n<div class=\"mc-column content-text active-extra-styles\" data-block-type=\"raw\" data-block-weight=\"10\" data-block-id=\"8\">\n<p>\u27a1\ufe0f<strong>Figura central do chavismo,<\/strong>&nbsp;Delcy Elo\u00edna Rodr\u00edguez G\u00f3mez nasceu em Caracas em 18 de maio de 1969. \u00c9 filha de Jorge Antonio Rodr\u00edguez, fundador da Liga Socialista, partido marxista, morto em 1976 enquanto estava sob cust\u00f3dia policial, e de Delcy G\u00f3mez.&nbsp;<span class=\"highlight highlighted\">\u00c9 irm\u00e3 de Jorge Rodr\u00edguez G\u00f3mez, ex-vice-presidente da Venezuela e ex-prefeito de Caracas, um dos principais articuladores pol\u00edticos do regime.<\/span><\/p>\n<\/div>\n<\/div>\n<div id=\"chunk-73elj\">\n<div class=\"row medium-uncollapsed content-media content-photo\" data-block-type=\"backstage-photo\" data-block-id=\"10\">\n<div class=\" mc-column  content-media__container\">\n<div class=\"content-media-container glb-skeleton-box\">&nbsp;<\/div>\n<p class=\"content-media__description  \">\u27a1\ufe0f<strong>Advogada especializada em direito do trabalho<\/strong>, formou-se na Universidade Central da Venezuela e afirma ter feito p\u00f3s-gradua\u00e7\u00e3o em Paris e em Londres. Atuou como professora universit\u00e1ria e presidiu uma associa\u00e7\u00e3o de advogados trabalhistas.<\/p>\n<\/div>\n<\/div>\n<\/div>\n<div id=\"chunk-7bbmi\">\n<div class=\"content-ads content-ads--reveal\" data-block-type=\"ads\" data-block-id=\"12\">&nbsp;<\/div>\n<\/div>\n<div id=\"chunk-dp32s\">\n<div class=\"mc-column content-text active-extra-styles \" data-block-type=\"unstyled\" data-block-weight=\"37\" data-block-id=\"13\">\n<p class=\" content-text__container \" data-track-category=\"Link no Texto\" data-track-links=\"\">\u27a1\ufe0fNa vida pessoal,&nbsp;<strong>n\u00e3o \u00e9 casada, n\u00e3o tem filhos&nbsp;<\/strong>e teve relacionamentos conhecidos, entre eles com o ator Fernando Carrillo, at\u00e9 2007, e, mais recentemente, com Yussef Abou Nassif Smaili, citado como seu parceiro em viagens oficiais.<\/p>\n<\/div>\n<\/div>\n<div id=\"chunk-62ci5\">\n<div class=\"mc-column content-text active-extra-styles \" data-block-type=\"unstyled\" data-block-weight=\"45\" data-block-id=\"14\">\n<p class=\" content-text__container \" data-track-category=\"Link no Texto\" data-track-links=\"\">\u27a1\ufe0f<strong>A trajet\u00f3ria pol\u00edtica come\u00e7ou em 2003, ainda no governo de Hugo Ch\u00e1vez, em cargos t\u00e9cnicos ligados \u00e0 Vice-Presid\u00eancia e ao Minist\u00e9rio de Energia e Minas.<\/strong>&nbsp;A partir da\u00ed,&nbsp;<span class=\"highlight highlighted\">acumulou fun\u00e7\u00f5es de crescente peso no n\u00facleo do poder chavista, tanto na pol\u00edtica interna quanto na diplomacia.<\/span><\/p>\n<\/div>\n<\/div>\n<div id=\"chunk-6i8e6\">\n<div class=\"mc-column content-text active-extra-styles \" data-block-type=\"unstyled\" data-block-weight=\"10\" data-block-id=\"15\">\n<p class=\" content-text__container \" data-track-category=\"Link no Texto\" data-track-links=\"\">Entre os principais cargos ocupados ao longo da carreira est\u00e3o:<\/p>\n<\/div>\n<\/div>\n<div id=\"chunk-55j29\">\n<div class=\"mc-column content-text active-extra-styles\" data-block-type=\"raw\" data-block-weight=\"66\" data-block-id=\"16\">\n<ul class=\"content-unordered-list\">\n<li>vice-ministra para Assuntos Europeus, em 2005;<\/li>\n<li>ministra de Assuntos Presidenciais, em 2006;<\/li>\n<li>ministra da Comunica\u00e7\u00e3o e Informa\u00e7\u00e3o, entre 2013 e 2014;<\/li>\n<li>ministra das Rela\u00e7\u00f5es Exteriores, de 2014 a 2017;<\/li>\n<li>presidente da Assembleia Nacional Constituinte, entre 2017 e 2018;<\/li>\n<li>vice-presidente executiva da Venezuela, desde 14 de junho de 2018, cargo contestado pela oposi\u00e7\u00e3o entre 2019 e 2023;<\/li>\n<li>ministra do Petr\u00f3leo e da Economia, entre 2024 e 2025.<\/li>\n<\/ul>\n<p>Integrante da dire\u00e7\u00e3o nacional do Partido Socialista Unido da Venezuela (PSUV), <strong>Delcy Rodr\u00edguez tamb\u00e9m liderou brevemente o movimento &#8216;Somos Venezuela&#8217;, criado em 2018 como bra\u00e7o pol\u00edtico e social do governo. <\/strong>Ao longo dos anos, consolidou-se como uma das vozes mais duras do chavismo contra press\u00f5es internacionais.<\/p>\n<\/div>\n<\/div>\n<div id=\"chunk-5816g\">\n<div class=\"content-ads content-ads--reveal\" data-block-type=\"ads\" data-block-id=\"18\">&nbsp;<\/div>\n<\/div>\n<div id=\"chunk-1dm9c\">\n<div class=\"mc-column content-text active-extra-styles \" data-block-type=\"unstyled\" data-block-weight=\"27\" data-block-id=\"19\">\n<p class=\" content-text__container \" data-track-category=\"Link no Texto\" data-track-links=\"\">\u27a1\ufe0fDesde 2018, ela \u00e9<strong>&nbsp;alvo de san\u00e7\u00f5es impostas por diferentes pa\u00edses e blocos.<\/strong>&nbsp;As medidas incluem congelamento de ativos e restri\u00e7\u00f5es de entrada no exterior, aplicadas por:<\/p>\n<\/div>\n<\/div>\n<div id=\"chunk-37hcc\">\n<div class=\"mc-column content-text active-extra-styles\" data-block-type=\"raw\" data-block-weight=\"20\" data-block-id=\"20\">\n<ul class=\"content-unordered-list\">\n<li>Estados Unidos, por acusa\u00e7\u00f5es de corrup\u00e7\u00e3o e viola\u00e7\u00f5es humanit\u00e1rias;<\/li>\n<li>Uni\u00e3o Europeia, por minar a democracia venezuelana;<\/li>\n<li>Canad\u00e1, M\u00e9xico e Su\u00ed\u00e7a.<\/li>\n<\/ul>\n<p>Nos meses que antecederam a atual crise, Delcy intensificou o discurso contra Washington:<\/p>\n<\/div>\n<\/div>\n<div id=\"chunk-bui6d\">\n<div class=\"mc-column content-text active-extra-styles\" data-block-type=\"raw\" data-block-weight=\"60\" data-block-id=\"22\">\n<ul class=\"content-unordered-list\">\n<li>Em dezembro de 2025, classificou como \u201croubo e sequestro\u201d a apreens\u00e3o de navios petroleiros venezuelanos pelos Estados Unidos e prometeu recorrer \u00e0 ONU e a outras inst\u00e2ncias internacionais.<\/li>\n<li>Tamb\u00e9m condenou a renova\u00e7\u00e3o de san\u00e7\u00f5es contra empresas como a Chevron e a venda for\u00e7ada da Citgo, subsidi\u00e1ria da PDVSA em territ\u00f3rio americano, afirmando que essas medidas \u201croubaram 99% da renda nacional\u201d.<\/li>\n<\/ul>\n<\/div>\n<\/div>\n<div data-track-category=\"multicontent\" data-track-action=\"multicontent\" data-track-noninteraction=\"false\" data-track-scroll=\"ultimo chunk conteudo\" data-track-value=\"view\">\n<div id=\"chunk-bbtjq\">\n<div class=\"mc-column content-text active-extra-styles \" data-block-type=\"unstyled\" data-block-weight=\"37\" data-block-id=\"23\">\n<p class=\" content-text__container \" data-track-category=\"Link no Texto\" data-track-links=\"\">Com perfil combativo e presen\u00e7a constante nos momentos de maior tens\u00e3o institucional, Delcy Rodr\u00edguez emerge como&nbsp;<strong>a principal figura do chavismo diante da ofensiva militar&nbsp;<\/strong>anunciada por Trump e da incerteza sobre o destino de Nicol\u00e1s Maduro.<\/p>\n<\/div>\n<\/div>\n<\/div>\n<\/div>\n<h3>Related Images:<\/h3>","protected":false},"excerpt":{"rendered":"<p>Ap\u00f3s a pris\u00e3o de Maduro pelos Estados Unidos,&nbsp;a&nbsp;vice-presidente Delcy Rodr\u00edguez passou ao centro da crise&#8230;<\/p>\n","protected":false},"author":1,"featured_media":50872,"comment_status":"closed","ping_status":"open","sticky":false,"template":"","format":"standard","meta":{"sfsi_plus_gutenberg_text_before_share":"","sfsi_plus_gutenberg_show_text_before_share":"","sfsi_plus_gutenberg_icon_type":"","sfsi_plus_gutenberg_icon_alignemt":"","sfsi_plus_gutenburg_max_per_row":"","_exactmetrics_skip_tracking":false,"_exactmetrics_sitenote_active":false,"_exactmetrics_sitenote_note":"","_exactmetrics_sitenote_category":0,"ngg_post_thumbnail":0,"footnotes":""},"categories":[115],"tags":[],"class_list":["post-50871","post","type-post","status-publish","format-standard","has-post-thumbnail","hentry","category-acontece"],"_links":{"self":[{"href":"https:\/\/www.diasdavilaacontece.com\/index.php?rest_route=\/wp\/v2\/posts\/50871","targetHints":{"allow":["GET"]}}],"collection":[{"href":"https:\/\/www.diasdavilaacontece.com\/index.php?rest_route=\/wp\/v2\/posts"}],"about":[{"href":"https:\/\/www.diasdavilaacontece.com\/index.php?rest_route=\/wp\/v2\/types\/post"}],"author":[{"embeddable":true,"href":"https:\/\/www.diasdavilaacontece.com\/index.php?rest_route=\/wp\/v2\/users\/1"}],"replies":[{"embeddable":true,"href":"https:\/\/www.diasdavilaacontece.com\/index.php?rest_route=%2Fwp%2Fv2%2Fcomments&post=50871"}],"version-history":[{"count":1,"href":"https:\/\/www.diasdavilaacontece.com\/index.php?rest_route=\/wp\/v2\/posts\/50871\/revisions"}],"predecessor-version":[{"id":50873,"href":"https:\/\/www.diasdavilaacontece.com\/index.php?rest_route=\/wp\/v2\/posts\/50871\/revisions\/50873"}],"wp:featuredmedia":[{"embeddable":true,"href":"https:\/\/www.diasdavilaacontece.com\/index.php?rest_route=\/wp\/v2\/media\/50872"}],"wp:attachment":[{"href":"https:\/\/www.diasdavilaacontece.com\/index.php?rest_route=%2Fwp%2Fv2%2Fmedia&parent=50871"}],"wp:term":[{"taxonomy":"category","embeddable":true,"href":"https:\/\/www.diasdavilaacontece.com\/index.php?rest_route=%2Fwp%2Fv2%2Fcategories&post=50871"},{"taxonomy":"post_tag","embeddable":true,"href":"https:\/\/www.diasdavilaacontece.com\/index.php?rest_route=%2Fwp%2Fv2%2Ftags&post=50871"}],"curies":[{"name":"wp","href":"https:\/\/api.w.org\/{rel}","templated":true}]}}