{"id":50874,"date":"2026-01-04T22:31:50","date_gmt":"2026-01-04T22:31:50","guid":{"rendered":"https:\/\/www.diasdavilaacontece.com\/?p=50874"},"modified":"2026-01-05T11:38:15","modified_gmt":"2026-01-05T11:38:15","slug":"sem-sutilezas-trump-manda-recado-em-tom-de-ameaca-para-cuba-e-colombia","status":"publish","type":"post","link":"https:\/\/www.diasdavilaacontece.com\/?p=50874","title":{"rendered":"SEM SUTILEZAS, TRUMP MANDA RECADO EM TOM DE AMEA\u00c7A PARA CUBA E COL\u00d4MBIA"},"content":{"rendered":"<p>A&nbsp;coletiva de imprensa em que o governo dos Estados Unidos detalhou o ataque \u00e0 Venezuela e a captura de Nicol\u00e1s Maduro foi usada pela Casa Branca para ampliar o discurso pol\u00edtico e diplom\u00e1tico na Am\u00e9rica Latina. O presidente&nbsp;<strong>Donald Trump<\/strong>&nbsp;e o secret\u00e1rio de Estado&nbsp;<strong>Marco Rubio<\/strong>&nbsp;direcionaram declara\u00e7\u00f5es expl\u00edcitas a&nbsp;<strong>Cuba<\/strong>&nbsp;e \u00e0&nbsp;<strong>Col\u00f4mbia<\/strong>, sinalizando que outros governos da regi\u00e3o podem entrar no radar&nbsp;de&nbsp;Washington.<\/p>\n<h6 class=\"wp-block-heading\">Aviso direto ao presidente da Col\u00f4mbia, Trump fez um alerta p\u00fablico ao presidente colombiano&nbsp;<strong>Gustavo Petro<\/strong>, a quem acusou de envolvimento com o tr\u00e1fico de drogas e o envio de coca\u00edna aos Estados Unidos. O presidente americano n\u00e3o apresentou provas nem detalhes adicionais, mas adotou um tom de intimida\u00e7\u00e3o.<\/h6>\n<ul>\n<li>\u201c\u00c9 melhor ele ficar esperto\u201d, afirmou Trump, ao responder a perguntas sobre a atua\u00e7\u00e3o da Col\u00f4mbia no combate ao narcotr\u00e1fico.<\/li>\n<\/ul>\n<p>A declara\u00e7\u00e3o ocorre em um contexto de endurecimento da pol\u00edtica externa americana na regi\u00e3o, especialmente ap\u00f3s a ofensiva militar na Venezuela e o discurso de combate a organiza\u00e7\u00f5es criminosas transnacionais.<\/p>\n<p>Questionado por um rep\u00f3rter que se identificou como cubano, Trump indicou que a situa\u00e7\u00e3o de Cuba deve ganhar espa\u00e7o nas discuss\u00f5es do governo americano. Segundo ele, o tema ser\u00e1 tratado futuramente:<\/p>\n<ul>\n<li>\u201cCuba ser\u00e1 um assunto sobre o qual acabaremos conversando\u201d, disse o presidente. Em seguida, afirmou que os Estados Unidos pretendem \u201cajudar o povo de Cuba\u201d e tamb\u00e9m \u201cas pessoas que foram for\u00e7adas a sair do pa\u00eds\u201d. A fala refor\u00e7a a sinaliza\u00e7\u00e3o de que Washington pode revisar sua estrat\u00e9gia em rela\u00e7\u00e3o a Havana, em meio ao novo posicionamento regional adotado pela Casa Branca.<\/li>\n<\/ul>\n<p>O secret\u00e1rio de Estado Marco Rubio elevou o tom ao comentar o papel de agentes estrangeiros na sustenta\u00e7\u00e3o do regime venezuelano. Segundo ele, parte dos respons\u00e1veis pela seguran\u00e7a de Nicol\u00e1s Maduro seria formada por cubanos.<\/p>\n<ul>\n<li>\u201cQuando o presidente fala, devemos lev\u00e1-lo a s\u00e9rio\u201d, afirmou Rubio. Ele acrescentou que, se estivesse em Havana e integrasse o governo local, estaria preocupado com os desdobramentos recentes.<\/li>\n<\/ul>\n<p>A declara\u00e7\u00e3o associa diretamente o governo cubano \u00e0 estrutura de apoio ao antigo regime venezuelano e refor\u00e7a a leitura de que Cuba pode enfrentar maior press\u00e3o diplom\u00e1tica e pol\u00edtica por parte dos Estados Unidos.<\/p>\n<p>As falas de Trump e Rubio indicam que a a\u00e7\u00e3o militar na Venezuela n\u00e3o se limita ao pa\u00eds vizinho. O discurso sugere uma amplia\u00e7\u00e3o da press\u00e3o americana sobre governos latino-americanos considerados problem\u00e1ticos por Washington, especialmente em temas ligados a narcotr\u00e1fico, migra\u00e7\u00e3o e seguran\u00e7a regional.<\/p>\n<p>&nbsp;<\/p>\n<h3>Related Images:<\/h3>","protected":false},"excerpt":{"rendered":"<p>A&nbsp;coletiva de imprensa em que o governo dos Estados Unidos detalhou o ataque \u00e0 Venezuela&#8230;<\/p>\n","protected":false},"author":1,"featured_media":50875,"comment_status":"closed","ping_status":"open","sticky":false,"template":"","format":"standard","meta":{"sfsi_plus_gutenberg_text_before_share":"","sfsi_plus_gutenberg_show_text_before_share":"","sfsi_plus_gutenberg_icon_type":"","sfsi_plus_gutenberg_icon_alignemt":"","sfsi_plus_gutenburg_max_per_row":"","_exactmetrics_skip_tracking":false,"_exactmetrics_sitenote_active":false,"_exactmetrics_sitenote_note":"","_exactmetrics_sitenote_category":0,"ngg_post_thumbnail":0,"footnotes":""},"categories":[115],"tags":[],"class_list":["post-50874","post","type-post","status-publish","format-standard","has-post-thumbnail","hentry","category-acontece"],"_links":{"self":[{"href":"https:\/\/www.diasdavilaacontece.com\/index.php?rest_route=\/wp\/v2\/posts\/50874","targetHints":{"allow":["GET"]}}],"collection":[{"href":"https:\/\/www.diasdavilaacontece.com\/index.php?rest_route=\/wp\/v2\/posts"}],"about":[{"href":"https:\/\/www.diasdavilaacontece.com\/index.php?rest_route=\/wp\/v2\/types\/post"}],"author":[{"embeddable":true,"href":"https:\/\/www.diasdavilaacontece.com\/index.php?rest_route=\/wp\/v2\/users\/1"}],"replies":[{"embeddable":true,"href":"https:\/\/www.diasdavilaacontece.com\/index.php?rest_route=%2Fwp%2Fv2%2Fcomments&post=50874"}],"version-history":[{"count":1,"href":"https:\/\/www.diasdavilaacontece.com\/index.php?rest_route=\/wp\/v2\/posts\/50874\/revisions"}],"predecessor-version":[{"id":50876,"href":"https:\/\/www.diasdavilaacontece.com\/index.php?rest_route=\/wp\/v2\/posts\/50874\/revisions\/50876"}],"wp:featuredmedia":[{"embeddable":true,"href":"https:\/\/www.diasdavilaacontece.com\/index.php?rest_route=\/wp\/v2\/media\/50875"}],"wp:attachment":[{"href":"https:\/\/www.diasdavilaacontece.com\/index.php?rest_route=%2Fwp%2Fv2%2Fmedia&parent=50874"}],"wp:term":[{"taxonomy":"category","embeddable":true,"href":"https:\/\/www.diasdavilaacontece.com\/index.php?rest_route=%2Fwp%2Fv2%2Fcategories&post=50874"},{"taxonomy":"post_tag","embeddable":true,"href":"https:\/\/www.diasdavilaacontece.com\/index.php?rest_route=%2Fwp%2Fv2%2Ftags&post=50874"}],"curies":[{"name":"wp","href":"https:\/\/api.w.org\/{rel}","templated":true}]}}