{"id":50903,"date":"2026-01-07T11:20:12","date_gmt":"2026-01-07T11:20:12","guid":{"rendered":"https:\/\/www.diasdavilaacontece.com\/?p=50903"},"modified":"2026-01-07T17:28:25","modified_gmt":"2026-01-07T17:28:25","slug":"trump-estuda-caminhos-para-adquirir-a-groelandia-e-nao-descarta-recorrer-as-forcas-armadas","status":"publish","type":"post","link":"https:\/\/www.diasdavilaacontece.com\/?p=50903","title":{"rendered":"TRUMP ESTUDA CAMINHOS PARA ADQUIRIR A GROENL\u00c2NDIA E N\u00c3O DESCARTA RECORRER AS FOR\u00c7AS ARMADAS"},"content":{"rendered":"<p data-t=\"{&quot;n&quot;:&quot;blueLinks&quot;,&quot;t&quot;:13,&quot;a&quot;:&quot;click&quot;,&quot;b&quot;:76}\">O presidente dos&nbsp;<b>Donald Trump<\/b>, avalia diferentes caminhos para anexar a&nbsp;<b>Groenl\u00e2ndia<\/b>, e recorrer \u00e0s For\u00e7as Armadas \u00e9 \u201csempre uma op\u00e7\u00e3o\u201d, informou a&nbsp;<b>Casa Branca&nbsp;<\/b>na ter\u00e7a-feira, 6.<\/p>\n<div class=\"intra-article-module\" data-t=\"{&quot;n&quot;:&quot;intraArticle&quot;,&quot;t&quot;:13}\">\n<div class=\"articlePageIntraArticleFullWidth ad-slot-placeholder left-image-intra-ad full-bleed-image-intra-ad\" data-ad-index=\"0\">&nbsp;<\/div>\n<\/div>\n<p data-t=\"{&quot;n&quot;:&quot;blueLinks&quot;,&quot;t&quot;:13,&quot;a&quot;:&quot;click&quot;,&quot;b&quot;:76}\">Segundo comunicado da secret\u00e1ria de imprensa, Karoline Leavitt, o presidente \u201cdeixou claro que adquirir a Groenl\u00e2ndia \u00e9 uma prioridade para a seguran\u00e7a nacional dos Estados Unidos e que \u00e9 vital para dissuadir nossos advers\u00e1rios na regi\u00e3o do \u00c1rtico\u201d, em refer\u00eancia ao territ\u00f3rio semiaut\u00f4nomo pertencente \u00e0 Coroa da Dinamarca.<\/p>\n<p data-t=\"{&quot;n&quot;:&quot;blueLinks&quot;,&quot;t&quot;:13,&quot;a&quot;:&quot;click&quot;,&quot;b&quot;:76}\">\u201cO presidente e sua equipe est\u00e3o debatendo v\u00e1rias op\u00e7\u00f5es para alcan\u00e7ar esse importante objetivo da pol\u00edtica externa e, evidentemente, o recurso ao Ex\u00e9rcito dos Estados Unidos \u00e9 sempre uma op\u00e7\u00e3o \u00e0 disposi\u00e7\u00e3o do comandante em chefe\u201d, acrescentou.<\/p>\n<div class=\"mm_conteudo blog-multimidia foto\">\n<div class=\"article-image-slot image-slot-placeholder\" data-doc-id=\"cms\/api\/amp\/image\/AA1THICX\">\n<div class=\"article-image-slot\">\n<div class=\"article-image-container in-div polished\" data-t=\"{&quot;n&quot;:&quot;OpenModal&quot;,&quot;t&quot;:13,&quot;b&quot;:8,&quot;c.i&quot;:&quot;AA1THmJR&quot;,&quot;c.l&quot;:false,&quot;c.t&quot;:13,&quot;c.v&quot;:&quot;news&quot;,&quot;c.c&quot;:&quot;newsworld&quot;,&quot;c.b&quot;:&quot;Estad\u00e3o&quot;,&quot;c.bi&quot;:&quot;BB6s5Un&quot;,&quot;c.tv&quot;:&quot;politics&quot;,&quot;c.tc&quot;:&quot;government&quot;,&quot;c.hl&quot;:&quot;Trump estuda caminhos para adquirir a Groenl\u00e2ndia e n\u00e3o descarta recorrer \u00e0s For\u00e7as Armadas&quot;}\" data-test-id=\"AA1THICX\">\n<div class=\"image-caption-container image-caption-container-ux-impr articlewc-image-caption-container\">A ilha atrai o republicano desde o seu primeiro mandato por conta da posi\u00e7\u00e3o estrat\u00e9gica que o territ\u00f3rio possui no \u00c1rtico, al\u00e9m da reserva de terras raras e fontes de recursos naturais, como min\u00e9rio.<\/div>\n<\/div>\n<\/div>\n<\/div>\n<\/div>\n<p class=\"continue-read-break\" data-t=\"{&quot;n&quot;:&quot;blueLinks&quot;,&quot;t&quot;:13,&quot;a&quot;:&quot;click&quot;,&quot;b&quot;:76}\">Em entrevista \u00e0 revista&nbsp;<i>The Atlantic&nbsp;<\/i>no domingo, 4, Trump disse \u201cprecisar da Groenl\u00e2ndia\u201d para fortalecer o sistema de defesa americano, ap\u00f3s ser questionado se a entrada das tropas americanas na Venezuela implicaria em uma maior disposi\u00e7\u00e3o dos Estados Unidos para fazer interven\u00e7\u00f5es militares na Groenl\u00e2ndia. \u201cN\u00f3s precisamos da Groenl\u00e2ndia, com certeza. Precisamos dela para a defesa\u201d, disse o republicano na ocasi\u00e3o.<\/p>\n<p data-t=\"{&quot;n&quot;:&quot;blueLinks&quot;,&quot;t&quot;:13,&quot;a&quot;:&quot;click&quot;,&quot;b&quot;:76}\">A primeira-ministra&nbsp;<b>dinamarquesa<\/b>,&nbsp;<b>Mette Frederiksen<\/b>,<b>&nbsp;rebateu as declara\u00e7\u00f5es de Trump<\/b> e disse que uma tomada de poder pelos Estados Unidos na <b>Groenl\u00e2ndia<\/b>&nbsp;equivaleria \u201cao fim da alian\u00e7a militar da&nbsp;<b>Organiza\u00e7\u00e3o do Tratado do Atl\u00e2ntico Norte (OTAN)<\/b>\u201c, alian\u00e7a militar da qual a ilha faz parte.<\/p>\n<p class=\"\" data-t=\"{&quot;n&quot;:&quot;blueLinks&quot;,&quot;t&quot;:13,&quot;a&quot;:&quot;click&quot;,&quot;b&quot;:76}\">O primeiro-ministro da Groenl\u00e2ndia,&nbsp;<b>Jens Frederik Nielsen<\/b>, tamb\u00e9m criticou os coment\u00e1rios do republicano. Ele foi seguido por l\u00edderes europeus, que expressaram solidariedade a Nielsen e \u00e0 Mette,&nbsp;<b>ao defenderam a soberania da ilha do \u00c1rtico<\/b>.<\/p>\n<div class=\"intra-article-module\" data-t=\"{&quot;n&quot;:&quot;intraArticle&quot;,&quot;t&quot;:13}\">\n<div class=\"articlePageIntraArticleFullWidth ad-slot-placeholder left-image-intra-ad full-bleed-image-intra-ad\" data-ad-index=\"1\">&nbsp;<\/div>\n<\/div>\n<p data-t=\"{&quot;n&quot;:&quot;blueLinks&quot;,&quot;t&quot;:13,&quot;a&quot;:&quot;click&quot;,&quot;b&quot;:76}\">&nbsp;<\/p>\n<p data-t=\"{&quot;n&quot;:&quot;blueLinks&quot;,&quot;t&quot;:13,&quot;a&quot;:&quot;click&quot;,&quot;b&quot;:76}\">&nbsp;<\/p>\n<div class=\"intra-article-module-bottom-slot\" data-t=\"{&quot;n&quot;:&quot;intraArticle&quot;,&quot;t&quot;:13}\">&nbsp;<\/div>\n<h3>Related Images:<\/h3>","protected":false},"excerpt":{"rendered":"<p>O presidente dos&nbsp;Donald Trump, avalia diferentes caminhos para anexar a&nbsp;Groenl\u00e2ndia, e recorrer \u00e0s For\u00e7as Armadas&#8230;<\/p>\n","protected":false},"author":1,"featured_media":50904,"comment_status":"closed","ping_status":"open","sticky":false,"template":"","format":"standard","meta":{"sfsi_plus_gutenberg_text_before_share":"","sfsi_plus_gutenberg_show_text_before_share":"","sfsi_plus_gutenberg_icon_type":"","sfsi_plus_gutenberg_icon_alignemt":"","sfsi_plus_gutenburg_max_per_row":"","_exactmetrics_skip_tracking":false,"_exactmetrics_sitenote_active":false,"_exactmetrics_sitenote_note":"","_exactmetrics_sitenote_category":0,"ngg_post_thumbnail":0,"footnotes":""},"categories":[5],"tags":[],"class_list":["post-50903","post","type-post","status-publish","format-standard","has-post-thumbnail","hentry","category-destaques"],"_links":{"self":[{"href":"https:\/\/www.diasdavilaacontece.com\/index.php?rest_route=\/wp\/v2\/posts\/50903","targetHints":{"allow":["GET"]}}],"collection":[{"href":"https:\/\/www.diasdavilaacontece.com\/index.php?rest_route=\/wp\/v2\/posts"}],"about":[{"href":"https:\/\/www.diasdavilaacontece.com\/index.php?rest_route=\/wp\/v2\/types\/post"}],"author":[{"embeddable":true,"href":"https:\/\/www.diasdavilaacontece.com\/index.php?rest_route=\/wp\/v2\/users\/1"}],"replies":[{"embeddable":true,"href":"https:\/\/www.diasdavilaacontece.com\/index.php?rest_route=%2Fwp%2Fv2%2Fcomments&post=50903"}],"version-history":[{"count":3,"href":"https:\/\/www.diasdavilaacontece.com\/index.php?rest_route=\/wp\/v2\/posts\/50903\/revisions"}],"predecessor-version":[{"id":50926,"href":"https:\/\/www.diasdavilaacontece.com\/index.php?rest_route=\/wp\/v2\/posts\/50903\/revisions\/50926"}],"wp:featuredmedia":[{"embeddable":true,"href":"https:\/\/www.diasdavilaacontece.com\/index.php?rest_route=\/wp\/v2\/media\/50904"}],"wp:attachment":[{"href":"https:\/\/www.diasdavilaacontece.com\/index.php?rest_route=%2Fwp%2Fv2%2Fmedia&parent=50903"}],"wp:term":[{"taxonomy":"category","embeddable":true,"href":"https:\/\/www.diasdavilaacontece.com\/index.php?rest_route=%2Fwp%2Fv2%2Fcategories&post=50903"},{"taxonomy":"post_tag","embeddable":true,"href":"https:\/\/www.diasdavilaacontece.com\/index.php?rest_route=%2Fwp%2Fv2%2Ftags&post=50903"}],"curies":[{"name":"wp","href":"https:\/\/api.w.org\/{rel}","templated":true}]}}