{"id":50906,"date":"2026-01-07T11:26:25","date_gmt":"2026-01-07T11:26:25","guid":{"rendered":"https:\/\/www.diasdavilaacontece.com\/?p=50906"},"modified":"2026-01-07T11:26:25","modified_gmt":"2026-01-07T11:26:25","slug":"depois-de-lewandowski-haddad-e-outro-que-deve-deixar-ministerio","status":"publish","type":"post","link":"https:\/\/www.diasdavilaacontece.com\/?p=50906","title":{"rendered":"DEPOIS DE LEWANDOWSKI, HADDAD \u00c9 OUTRO QUE DEVE DEIXAR MINIST\u00c9RIO"},"content":{"rendered":"<p data-t=\"{&quot;n&quot;:&quot;blueLinks&quot;,&quot;t&quot;:13,&quot;a&quot;:&quot;click&quot;,&quot;b&quot;:76}\">O que era apenas uma especula\u00e7\u00e3o agora se torna uma realidade. O presidente Luiz In\u00e1cio Lula da Silva (PT) precisar\u00e1 resolver, de imediato, a troca de seus dois ministros mais relevantes.&nbsp;O ministro da Justi\u00e7a, Ricardo Lewandowski, sinalizou que deixar\u00e1 o cargo nos pr\u00f3ximos dias, enquanto Fernando Haddad, da Fazenda, quer sair at\u00e9 fevereiro.<\/p>\n<div class=\"article-image-slot image-slot-placeholder\" data-doc-id=\"cms\/api\/amp\/image\/AA1THC1l\">\n<div class=\"article-image-slot\">\n<div class=\"article-image-container in-div polished\" data-t=\"{&quot;n&quot;:&quot;OpenModal&quot;,&quot;t&quot;:13,&quot;b&quot;:8,&quot;c.i&quot;:&quot;AA1THz9Z&quot;,&quot;c.l&quot;:false,&quot;c.t&quot;:13,&quot;c.v&quot;:&quot;news&quot;,&quot;c.c&quot;:&quot;newsbrazil&quot;,&quot;c.b&quot;:&quot;Correio do Brasil&quot;,&quot;c.bi&quot;:&quot;AA14Klz9&quot;,&quot;c.tv&quot;:&quot;politics&quot;,&quot;c.tc&quot;:&quot;government&quot;,&quot;c.hl&quot;:&quot;Haddad e Lewandowski resolvem desembarcar do governo&quot;}\" data-test-id=\"AA1THC1l\">\n<div class=\"image-caption-container image-caption-container-ux-impr articlewc-image-caption-container\"><span class=\"image-caption\">Chefe da Pol\u00edcia Federal, Andrei Rodrigues \u00e9 um dos nomes mais fortes para ocupar o Minist\u00e9rio da Justi\u00e7a<\/span><\/div>\n<\/div>\n<\/div>\n<\/div>\n<p data-t=\"{&quot;n&quot;:&quot;blueLinks&quot;,&quot;t&quot;:13,&quot;a&quot;:&quot;click&quot;,&quot;b&quot;:76}\">Integrantes do Minist\u00e9rio da Justi\u00e7a afirmam que, na virada do ano, Lewandowski sinalizou que quer antecipar a sa\u00edda. E deixar a pasta at\u00e9 o fim desta semana, na sexta-feira. Entre t\u00e9cnicos da pasta, contudo, h\u00e1 aqueles que preveem a perman\u00eancia do ministro at\u00e9 a aprova\u00e7\u00e3o da&nbsp;<i>\u2018PEC da Seguran\u00e7a P\u00fablica\u2019<\/i>. Mas a proposta ainda precisa passar pelo plen\u00e1rio da C\u00e2mara e pelo Senado, o que somente seria resolvido ao longo do primeiro semestre do ano.<\/p>\n<div class=\"intra-article-module\" data-t=\"{&quot;n&quot;:&quot;intraArticle&quot;,&quot;t&quot;:13}\">\n<div class=\"articlePageIntraArticleFullWidth ad-slot-placeholder left-image-intra-ad full-bleed-image-intra-ad\" data-ad-index=\"0\">&nbsp;<\/div>\n<\/div>\n<p data-t=\"{&quot;n&quot;:&quot;blueLinks&quot;,&quot;t&quot;:13,&quot;a&quot;:&quot;click&quot;,&quot;b&quot;:76}\">J\u00e1 Fernando Haddad tamb\u00e9m conversou com Lula sobre seu desejo de deixar o minist\u00e9rio no in\u00edcio deste ano, mas sinalizou que poderia ficar at\u00e9 fevereiro. Na Fazenda, a tend\u00eancia \u00e9 de o secret\u00e1rio-executivo, Dario Durigan, ficar no comando da pasta.<\/p>\n<p class=\"continue-read-break\" data-t=\"{&quot;n&quot;:&quot;blueLinks&quot;,&quot;t&quot;:13,&quot;a&quot;:&quot;click&quot;,&quot;b&quot;:76}\">O interesse do ministro seria atuar na coordena\u00e7\u00e3o da campanha de reelei\u00e7\u00e3o de Lula \u00e0 Presid\u00eancia. Os planos do PT \u2014 e de Lula \u2014 para ele s\u00e3o outros: uma candidatura ao governo de S\u00e3o Paulo ou ao Senado. Antes mesmo da sa\u00edda de Haddad, o quadro de secret\u00e1rios do minist\u00e9rio da Fazenda j\u00e1 come\u00e7ou a mudar.<\/p>\n<p data-t=\"{&quot;n&quot;:&quot;blueLinks&quot;,&quot;t&quot;:13,&quot;a&quot;:&quot;click&quot;,&quot;b&quot;:76}\">No caso do Minist\u00e9rio da Justi\u00e7a, o diretor-geral da Pol\u00edcia Federal (PF), Andrei Rodrigues, \u00e9 um dos cotados para o comando da pasta. O nome de Rodrigues j\u00e1 circula entre os assessores do minist\u00e9rio, onde a avalia\u00e7\u00e3o \u00e9 positiva.<\/p>\n<h3>Related Images:<\/h3>","protected":false},"excerpt":{"rendered":"<p>O que era apenas uma especula\u00e7\u00e3o agora se torna uma realidade. O presidente Luiz In\u00e1cio&#8230;<\/p>\n","protected":false},"author":1,"featured_media":50907,"comment_status":"closed","ping_status":"open","sticky":false,"template":"","format":"standard","meta":{"sfsi_plus_gutenberg_text_before_share":"","sfsi_plus_gutenberg_show_text_before_share":"","sfsi_plus_gutenberg_icon_type":"","sfsi_plus_gutenberg_icon_alignemt":"","sfsi_plus_gutenburg_max_per_row":"","_exactmetrics_skip_tracking":false,"_exactmetrics_sitenote_active":false,"_exactmetrics_sitenote_note":"","_exactmetrics_sitenote_category":0,"ngg_post_thumbnail":0,"footnotes":""},"categories":[5],"tags":[],"class_list":["post-50906","post","type-post","status-publish","format-standard","has-post-thumbnail","hentry","category-destaques"],"_links":{"self":[{"href":"https:\/\/www.diasdavilaacontece.com\/index.php?rest_route=\/wp\/v2\/posts\/50906","targetHints":{"allow":["GET"]}}],"collection":[{"href":"https:\/\/www.diasdavilaacontece.com\/index.php?rest_route=\/wp\/v2\/posts"}],"about":[{"href":"https:\/\/www.diasdavilaacontece.com\/index.php?rest_route=\/wp\/v2\/types\/post"}],"author":[{"embeddable":true,"href":"https:\/\/www.diasdavilaacontece.com\/index.php?rest_route=\/wp\/v2\/users\/1"}],"replies":[{"embeddable":true,"href":"https:\/\/www.diasdavilaacontece.com\/index.php?rest_route=%2Fwp%2Fv2%2Fcomments&post=50906"}],"version-history":[{"count":1,"href":"https:\/\/www.diasdavilaacontece.com\/index.php?rest_route=\/wp\/v2\/posts\/50906\/revisions"}],"predecessor-version":[{"id":50908,"href":"https:\/\/www.diasdavilaacontece.com\/index.php?rest_route=\/wp\/v2\/posts\/50906\/revisions\/50908"}],"wp:featuredmedia":[{"embeddable":true,"href":"https:\/\/www.diasdavilaacontece.com\/index.php?rest_route=\/wp\/v2\/media\/50907"}],"wp:attachment":[{"href":"https:\/\/www.diasdavilaacontece.com\/index.php?rest_route=%2Fwp%2Fv2%2Fmedia&parent=50906"}],"wp:term":[{"taxonomy":"category","embeddable":true,"href":"https:\/\/www.diasdavilaacontece.com\/index.php?rest_route=%2Fwp%2Fv2%2Fcategories&post=50906"},{"taxonomy":"post_tag","embeddable":true,"href":"https:\/\/www.diasdavilaacontece.com\/index.php?rest_route=%2Fwp%2Fv2%2Ftags&post=50906"}],"curies":[{"name":"wp","href":"https:\/\/api.w.org\/{rel}","templated":true}]}}