{"id":50909,"date":"2026-01-07T11:31:00","date_gmt":"2026-01-07T11:31:00","guid":{"rendered":"https:\/\/www.diasdavilaacontece.com\/?p=50909"},"modified":"2026-01-07T11:31:00","modified_gmt":"2026-01-07T11:31:00","slug":"lideres-guerrilheiros-fogem-para-a-colombia-apos-operacao-dos-eua-na-venezuela","status":"publish","type":"post","link":"https:\/\/www.diasdavilaacontece.com\/?p=50909","title":{"rendered":"L\u00cdDERES GUERRILHEIROS FOGEM PARA A COL\u00d4MBIA AP\u00d3S OPERA\u00c7\u00c3O DOS EUA NA VENEZUELA"},"content":{"rendered":"<p data-t=\"{&quot;n&quot;:&quot;blueLinks&quot;,&quot;t&quot;:13,&quot;a&quot;:&quot;click&quot;,&quot;b&quot;:76}\">Comandantes das guerrilhas colombianas que supostamente atuam na Venezuela est\u00e3o fugindo de volta para o seu pa\u00eds, ap\u00f3s a opera\u00e7\u00e3o militar dos Estados Unidos que resultou na pris\u00e3o de Nicol\u00e1s Maduro, indicou nesta ter\u00e7a-feira (6) uma fonte das for\u00e7as da Col\u00f4mbia \u00e0 AFP.<\/p>\n<p data-t=\"{&quot;n&quot;:&quot;blueLinks&quot;,&quot;t&quot;:13,&quot;a&quot;:&quot;click&quot;,&quot;b&quot;:76}\">Bogot\u00e1 suspeita que l\u00edderes de organiza\u00e7\u00f5es rebeldes poderosas, como o Ex\u00e9rcito de Liberta\u00e7\u00e3o Nacional (ELN), e de fac\u00e7\u00f5es dissidentes das extintas For\u00e7as Armadas Revolucion\u00e1rias da Col\u00f4mbia (Farc) estejam vivendo do outro lado da fronteira. Segundo uma autoridade das For\u00e7as Armadas, alguns deles tentam retornar para a Col\u00f4mbia.<\/p>\n<div class=\"intra-article-module\" data-t=\"{&quot;n&quot;:&quot;intraArticle&quot;,&quot;t&quot;:13}\">\n<div class=\"articlePageIntraArticleFullWidth ad-slot-placeholder left-image-intra-ad full-bleed-image-intra-ad\" data-ad-index=\"0\">&nbsp;<\/div>\n<\/div>\n<p class=\"continue-read-break\" data-t=\"{&quot;n&quot;:&quot;blueLinks&quot;,&quot;t&quot;:13,&quot;a&quot;:&quot;click&quot;,&quot;b&quot;:76}\">A opera\u00e7\u00e3o ordenada por Donald Trump no \u00faltimo s\u00e1bado capturou Maduro, um dos mediadores das tentativas de di\u00e1logo de paz entre os guerrilheiros e o governo do colombiano Gustavo Petro. Centros de estudo sobre o conflito e organiza\u00e7\u00f5es como a Human Rights Watch afirmam que grupos armados como o ELN atuam na Venezuela com o conhecimento das autoridades, e que chegaram a contar com o apoio delas em zonas fronteiri\u00e7as, o que Maduro sempre negou.<\/p>\n<p data-t=\"{&quot;n&quot;:&quot;blueLinks&quot;,&quot;t&quot;:13,&quot;a&quot;:&quot;click&quot;,&quot;b&quot;:76}\">O governo Petro acredita que os l\u00edderes dessa guerrilha podem estar na Venezuela. Suspeita-se que o comandante m\u00e1ximo do ELN, vulgo Antonio Garc\u00eda, tenha cruzado a fronteira, assim como o ex-n\u00famero dois das Farc Iv\u00e1n M\u00e1rquez, que, ap\u00f3s assinar a paz em 2016, formou sua pr\u00f3pria organiza\u00e7\u00e3o armada.<\/p>\n<p data-t=\"{&quot;n&quot;:&quot;blueLinks&quot;,&quot;t&quot;:13,&quot;a&quot;:&quot;click&quot;,&quot;b&quot;:76}\">A presen\u00e7a de l\u00edderes guerrilheiros na fronteira representa uma amea\u00e7a \u00e0 seguran\u00e7a da Col\u00f4mbia ap\u00f3s a queda de Maduro, segundo o Minist\u00e9rio da Defesa.<\/p>\n<div class=\"intra-article-module\" data-t=\"{&quot;n&quot;:&quot;intraArticle&quot;,&quot;t&quot;:13}\">\n<div class=\"articlePageIntraArticleFullWidth ad-slot-placeholder left-image-intra-ad full-bleed-image-intra-ad\" data-ad-index=\"1\">&nbsp;<\/div>\n<\/div>\n<p data-t=\"{&quot;n&quot;:&quot;blueLinks&quot;,&quot;t&quot;:13,&quot;a&quot;:&quot;click&quot;,&quot;b&quot;:76}\">Quando o presidente deposto foi enviado a Nova York para responder perante a Justi\u00e7a, Bogot\u00e1 emitiu um alerta sobre poss\u00edveis atentados. Em seguida, mobilizou cerca de 30 mil militares para garantir a ordem na fronteira, de mais de 2.200 km.<\/p>\n<p data-t=\"{&quot;n&quot;:&quot;blueLinks&quot;,&quot;t&quot;:13,&quot;a&quot;:&quot;click&quot;,&quot;b&quot;:76}\">A AFP observou hoje a presen\u00e7a de militares colombianos na cidade fronteiri\u00e7a de C\u00facuta por ordem de Petro, em meio a advert\u00eancias de Trump sobre um poss\u00edvel ataque em solo colombiano contra o narcotr\u00e1fico, e \u00e0s suas amea\u00e7as ao presidente esquerdista.<\/p>\n<p data-t=\"{&quot;n&quot;:&quot;blueLinks&quot;,&quot;t&quot;:13,&quot;a&quot;:&quot;click&quot;,&quot;b&quot;:76}\">Petro, um ex-guerrilheiro que assinou a paz na d\u00e9cada de 1990, afirmou que est\u00e1 disposto a pegar em armas para se defender de Washington. Grupos guerrilheiros colombianos alertaram Trump de que v\u00e3o resistir com armas a qualquer tentativa de entrada em seu pa\u00eds.&nbsp;<\/p>\n<p data-t=\"{&quot;n&quot;:&quot;blueLinks&quot;,&quot;t&quot;:13,&quot;a&quot;:&quot;click&quot;,&quot;b&quot;:76}\">&nbsp;<\/p>\n<p data-t=\"{&quot;n&quot;:&quot;blueLinks&quot;,&quot;t&quot;:13,&quot;a&quot;:&quot;click&quot;,&quot;b&quot;:76}\">Fonte &#8211; AFP &#8211; Foto &#8211; Raul Arboleda<\/p>\n<h3>Related Images:<\/h3>","protected":false},"excerpt":{"rendered":"<p>Comandantes das guerrilhas colombianas que supostamente atuam na Venezuela est\u00e3o fugindo de volta para o&#8230;<\/p>\n","protected":false},"author":1,"featured_media":50910,"comment_status":"closed","ping_status":"open","sticky":false,"template":"","format":"standard","meta":{"sfsi_plus_gutenberg_text_before_share":"","sfsi_plus_gutenberg_show_text_before_share":"","sfsi_plus_gutenberg_icon_type":"","sfsi_plus_gutenberg_icon_alignemt":"","sfsi_plus_gutenburg_max_per_row":"","_exactmetrics_skip_tracking":false,"_exactmetrics_sitenote_active":false,"_exactmetrics_sitenote_note":"","_exactmetrics_sitenote_category":0,"ngg_post_thumbnail":0,"footnotes":""},"categories":[5],"tags":[],"class_list":["post-50909","post","type-post","status-publish","format-standard","has-post-thumbnail","hentry","category-destaques"],"_links":{"self":[{"href":"https:\/\/www.diasdavilaacontece.com\/index.php?rest_route=\/wp\/v2\/posts\/50909","targetHints":{"allow":["GET"]}}],"collection":[{"href":"https:\/\/www.diasdavilaacontece.com\/index.php?rest_route=\/wp\/v2\/posts"}],"about":[{"href":"https:\/\/www.diasdavilaacontece.com\/index.php?rest_route=\/wp\/v2\/types\/post"}],"author":[{"embeddable":true,"href":"https:\/\/www.diasdavilaacontece.com\/index.php?rest_route=\/wp\/v2\/users\/1"}],"replies":[{"embeddable":true,"href":"https:\/\/www.diasdavilaacontece.com\/index.php?rest_route=%2Fwp%2Fv2%2Fcomments&post=50909"}],"version-history":[{"count":1,"href":"https:\/\/www.diasdavilaacontece.com\/index.php?rest_route=\/wp\/v2\/posts\/50909\/revisions"}],"predecessor-version":[{"id":50911,"href":"https:\/\/www.diasdavilaacontece.com\/index.php?rest_route=\/wp\/v2\/posts\/50909\/revisions\/50911"}],"wp:featuredmedia":[{"embeddable":true,"href":"https:\/\/www.diasdavilaacontece.com\/index.php?rest_route=\/wp\/v2\/media\/50910"}],"wp:attachment":[{"href":"https:\/\/www.diasdavilaacontece.com\/index.php?rest_route=%2Fwp%2Fv2%2Fmedia&parent=50909"}],"wp:term":[{"taxonomy":"category","embeddable":true,"href":"https:\/\/www.diasdavilaacontece.com\/index.php?rest_route=%2Fwp%2Fv2%2Fcategories&post=50909"},{"taxonomy":"post_tag","embeddable":true,"href":"https:\/\/www.diasdavilaacontece.com\/index.php?rest_route=%2Fwp%2Fv2%2Ftags&post=50909"}],"curies":[{"name":"wp","href":"https:\/\/api.w.org\/{rel}","templated":true}]}}