{"id":50915,"date":"2026-01-07T11:37:26","date_gmt":"2026-01-07T11:37:26","guid":{"rendered":"https:\/\/www.diasdavilaacontece.com\/?p=50915"},"modified":"2026-01-07T11:37:26","modified_gmt":"2026-01-07T11:37:26","slug":"aposentados-tem-ate-o-dia-14-de-fevereiro-para-pedir-ressarcimento-ao-inss-pelos-descontos-indevidos","status":"publish","type":"post","link":"https:\/\/www.diasdavilaacontece.com\/?p=50915","title":{"rendered":"APOSENTADOS TEM AT\u00c9 O DIA 14 DE FEVEREIRO PARA PEDIR RESSARCIMENTO AO INSS PELOS DESCONTOS INDEVIDOS"},"content":{"rendered":"<p data-t=\"{&quot;n&quot;:&quot;blueLinks&quot;,&quot;t&quot;:13,&quot;a&quot;:&quot;click&quot;,&quot;b&quot;:76}\">Os aposentados e pensionistas que tiveram descontos indevidos do Instituto Nacional do Seguro Social (INSS) t\u00eam at\u00e9 14 de fevereiro para pedir o ressarcimento, anunciou o presidente do instituto, Gilberto Waller. Em entrevista ao programa a Voz do Brasil, ele fez um balan\u00e7o atualizado sobre os pedidos.<\/p>\n<div class=\"intra-article-module\" data-t=\"{&quot;n&quot;:&quot;intraArticle&quot;,&quot;t&quot;:13}\">\n<div class=\"articlePageIntraArticleFullWidth ad-slot-placeholder left-image-intra-ad full-bleed-image-intra-ad\" data-ad-index=\"0\">&nbsp;<\/div>\n<\/div>\n<p data-t=\"{&quot;n&quot;:&quot;blueLinks&quot;,&quot;t&quot;:13,&quot;a&quot;:&quot;click&quot;,&quot;b&quot;:76}\">De acordo com presidente Waller, cerca de 6,2 milh\u00f5es de benefici\u00e1rios contestaram descontos indevidos do INSS, dos quais 4,1 milh\u00f5es de benefici\u00e1rios j\u00e1 foram ressarcidos, em valores que somam R$ 2,8 bilh\u00f5es. O governo estima, no entanto, que ainda existam 3 milh\u00f5es de aposentados e pensionistas aptos a solicitar a devolu\u00e7\u00e3o.<\/p>\n<p class=\"continue-read-break\" data-t=\"{&quot;n&quot;:&quot;blueLinks&quot;,&quot;t&quot;:13,&quot;a&quot;:&quot;click&quot;,&quot;b&quot;:76}\">prazo original se encerraria em 14 de novembro. No entanto, o Minist\u00e9rio da Previd\u00eancia Social decidiu ampliar o per\u00edodo para garantir que todos os afetados possam registrar seus pedidos. O esquema de descontos indevidos foi revelado pela Opera\u00e7\u00e3o Sem Desconto, deflagrada pela Pol\u00edcia Federal e pela Controladoria-Geral da Uni\u00e3o (CGU), que identificou fraudes em Acordos de Coopera\u00e7\u00e3o T\u00e9cnica (ACTs) firmados entre o INSS e entidades associativas. As investiga\u00e7\u00f5es levaram ao afastamento de parte da c\u00fapula do instituto em abril.<\/p>\n<div class=\"intra-article-module\" data-t=\"{&quot;n&quot;:&quot;intraArticle&quot;,&quot;t&quot;:13}\">\n<div class=\"articlePageIntraArticleFullWidth left-image-intra-ad full-bleed-image-intra-ad\">\n<div class=\"intra-article-relatedcontent\">\n<div class=\"video-clear-div\">Na entrevista, Gilberto Waller ressaltou o esfor\u00e7o coordenado de \u00f3rg\u00e3os federais para ressarcir as v\u00edtimas dos descontos n\u00e3o autorizados. O presidente do INSS tamb\u00e9m destacou a uni\u00e3o entre o instituto, a Advocacia-Geral da Uni\u00e3o (AGU), a CGU e a Pol\u00edcia Federal para rastrear os recursos desviados e entrar com a\u00e7\u00f5es na Justi\u00e7a para recuperar o dinheiro.<\/div>\n<\/div>\n<\/div>\n<\/div>\n<h3 class=\"news_h3 article-sub-heading\">Como pedir a devolu\u00e7\u00e3o<\/h3>\n<p class=\"\" data-t=\"{&quot;n&quot;:&quot;blueLinks&quot;,&quot;t&quot;:13,&quot;a&quot;:&quot;click&quot;,&quot;b&quot;:76}\">Os benefici\u00e1rios podem abrir pedidos de ressarcimento pelos canais oficiais do INSS:<\/p>\n<p data-t=\"{&quot;n&quot;:&quot;blueLinks&quot;,&quot;t&quot;:13,&quot;a&quot;:&quot;click&quot;,&quot;b&quot;:76}\">\u2002Aplicativo ou site Meu INSS, com login no Portal Gov.br;\u2002Telefone 135, com atendimento gratuito de segunda a s\u00e1bado, das 7h \u00e0s 22h;\u2002Ag\u00eancias dos Correios, que oferecem suporte gratuito em mais de 5 mil unidades.<\/p>\n<p data-t=\"{&quot;n&quot;:&quot;blueLinks&quot;,&quot;t&quot;:13,&quot;a&quot;:&quot;click&quot;,&quot;b&quot;:76}\">&nbsp;<\/p>\n<div class=\"article-embed\">\n<div class=\"content\"><small>Estadao Conteudo<\/small><\/div>\n<\/div>\n<h3>Related Images:<\/h3>","protected":false},"excerpt":{"rendered":"<p>Os aposentados e pensionistas que tiveram descontos indevidos do Instituto Nacional do Seguro Social (INSS)&#8230;<\/p>\n","protected":false},"author":1,"featured_media":50916,"comment_status":"closed","ping_status":"open","sticky":false,"template":"","format":"standard","meta":{"sfsi_plus_gutenberg_text_before_share":"","sfsi_plus_gutenberg_show_text_before_share":"","sfsi_plus_gutenberg_icon_type":"","sfsi_plus_gutenberg_icon_alignemt":"","sfsi_plus_gutenburg_max_per_row":"","_exactmetrics_skip_tracking":false,"_exactmetrics_sitenote_active":false,"_exactmetrics_sitenote_note":"","_exactmetrics_sitenote_category":0,"ngg_post_thumbnail":0,"footnotes":""},"categories":[5],"tags":[],"class_list":["post-50915","post","type-post","status-publish","format-standard","has-post-thumbnail","hentry","category-destaques"],"_links":{"self":[{"href":"https:\/\/www.diasdavilaacontece.com\/index.php?rest_route=\/wp\/v2\/posts\/50915","targetHints":{"allow":["GET"]}}],"collection":[{"href":"https:\/\/www.diasdavilaacontece.com\/index.php?rest_route=\/wp\/v2\/posts"}],"about":[{"href":"https:\/\/www.diasdavilaacontece.com\/index.php?rest_route=\/wp\/v2\/types\/post"}],"author":[{"embeddable":true,"href":"https:\/\/www.diasdavilaacontece.com\/index.php?rest_route=\/wp\/v2\/users\/1"}],"replies":[{"embeddable":true,"href":"https:\/\/www.diasdavilaacontece.com\/index.php?rest_route=%2Fwp%2Fv2%2Fcomments&post=50915"}],"version-history":[{"count":1,"href":"https:\/\/www.diasdavilaacontece.com\/index.php?rest_route=\/wp\/v2\/posts\/50915\/revisions"}],"predecessor-version":[{"id":50917,"href":"https:\/\/www.diasdavilaacontece.com\/index.php?rest_route=\/wp\/v2\/posts\/50915\/revisions\/50917"}],"wp:featuredmedia":[{"embeddable":true,"href":"https:\/\/www.diasdavilaacontece.com\/index.php?rest_route=\/wp\/v2\/media\/50916"}],"wp:attachment":[{"href":"https:\/\/www.diasdavilaacontece.com\/index.php?rest_route=%2Fwp%2Fv2%2Fmedia&parent=50915"}],"wp:term":[{"taxonomy":"category","embeddable":true,"href":"https:\/\/www.diasdavilaacontece.com\/index.php?rest_route=%2Fwp%2Fv2%2Fcategories&post=50915"},{"taxonomy":"post_tag","embeddable":true,"href":"https:\/\/www.diasdavilaacontece.com\/index.php?rest_route=%2Fwp%2Fv2%2Ftags&post=50915"}],"curies":[{"name":"wp","href":"https:\/\/api.w.org\/{rel}","templated":true}]}}