{"id":50940,"date":"2026-01-08T22:53:44","date_gmt":"2026-01-08T22:53:44","guid":{"rendered":"https:\/\/www.diasdavilaacontece.com\/?p=50940"},"modified":"2026-01-08T22:53:44","modified_gmt":"2026-01-08T22:53:44","slug":"o-presidente-frances-vai-votar-nao-a-acordo-da-uniao-europeia-mercosul","status":"publish","type":"post","link":"https:\/\/www.diasdavilaacontece.com\/?p=50940","title":{"rendered":"O PRESIDENTE FRANC\u00caS VAI VOTAR &#8216;N\u00c3O&#8217; A ACORDO DA UNI\u00c3O EUROPEIA-MERCOSUL"},"content":{"rendered":"<p>O presidente da Fran\u00e7a, Emmanuel Macron, anunciou que a Fran\u00e7a vai votar &#8220;n\u00e3o&#8221; ao acordo Uni\u00e3o Europeia-Mercosul, que deve ser votado pelas inst\u00e2ncias europeias nesta sexta (9), em Bruxelas, na B\u00e9lgica.<\/p>\n<p>Em comunicado, Macron afirma que, apesar de &#8220;avan\u00e7os incontest\u00e1veis&#8221; nas negocia\u00e7\u00f5es &#8211; refer\u00eancia \u00e0 inclus\u00e3o de cl\u00e1usulas adicionais, solicitadas pela Fran\u00e7a, de prote\u00e7\u00e3o do mercado e sanit\u00e1rias-, &#8220;\u00e9 preciso constatar uma rejei\u00e7\u00e3o un\u00e2nime do acordo&#8221; pelos pol\u00edticos franceses.<\/p>\n<p>A decis\u00e3o de Macron, que j\u00e1 era esperada, n\u00e3o deve alterar o resultado esperado da vota\u00e7\u00e3o: a ado\u00e7\u00e3o do tratado pela UE. Tendo perdido o apoio italiano, a Fran\u00e7a n\u00e3o disp\u00f5e de uma minoria de bloqueio suficiente para o veto.<\/p>\n<p>Espera-se que a presidente da Comiss\u00e3o Europeia, Ursula von der Leyen, viaje para a Am\u00e9rica do Sul para a cerim\u00f4nia de assinatura formal com o Mercosul no Paraguai, na segunda-feira (12).<\/p>\n<p>O an\u00fancio de Macron nada fez para aplacar a ira dos agricultores franceses, contr\u00e1rios ao acordo. Nesta quinta (8), eles ocuparam com tratores o entorno do Arco do Triunfo e da Torre Eiffel, pontos ic\u00f4nicos de Paris.<\/p>\n<p>Ap\u00f3s a assinatura do acordo, ainda \u00e9 necess\u00e1ria a aprova\u00e7\u00e3o do Parlamento Europeu. Outra alternativa para a Fran\u00e7a \u00e9 judicializar a quest\u00e3o, contestando aspectos processuais.<\/p>\n<h3>Related Images:<\/h3>","protected":false},"excerpt":{"rendered":"<p>O presidente da Fran\u00e7a, Emmanuel Macron, anunciou que a Fran\u00e7a vai votar &#8220;n\u00e3o&#8221; ao acordo&#8230;<\/p>\n","protected":false},"author":1,"featured_media":50941,"comment_status":"closed","ping_status":"open","sticky":false,"template":"","format":"standard","meta":{"sfsi_plus_gutenberg_text_before_share":"","sfsi_plus_gutenberg_show_text_before_share":"","sfsi_plus_gutenberg_icon_type":"","sfsi_plus_gutenberg_icon_alignemt":"","sfsi_plus_gutenburg_max_per_row":"","_exactmetrics_skip_tracking":false,"_exactmetrics_sitenote_active":false,"_exactmetrics_sitenote_note":"","_exactmetrics_sitenote_category":0,"ngg_post_thumbnail":0,"footnotes":""},"categories":[115],"tags":[],"class_list":["post-50940","post","type-post","status-publish","format-standard","has-post-thumbnail","hentry","category-acontece"],"_links":{"self":[{"href":"https:\/\/www.diasdavilaacontece.com\/index.php?rest_route=\/wp\/v2\/posts\/50940","targetHints":{"allow":["GET"]}}],"collection":[{"href":"https:\/\/www.diasdavilaacontece.com\/index.php?rest_route=\/wp\/v2\/posts"}],"about":[{"href":"https:\/\/www.diasdavilaacontece.com\/index.php?rest_route=\/wp\/v2\/types\/post"}],"author":[{"embeddable":true,"href":"https:\/\/www.diasdavilaacontece.com\/index.php?rest_route=\/wp\/v2\/users\/1"}],"replies":[{"embeddable":true,"href":"https:\/\/www.diasdavilaacontece.com\/index.php?rest_route=%2Fwp%2Fv2%2Fcomments&post=50940"}],"version-history":[{"count":1,"href":"https:\/\/www.diasdavilaacontece.com\/index.php?rest_route=\/wp\/v2\/posts\/50940\/revisions"}],"predecessor-version":[{"id":50942,"href":"https:\/\/www.diasdavilaacontece.com\/index.php?rest_route=\/wp\/v2\/posts\/50940\/revisions\/50942"}],"wp:featuredmedia":[{"embeddable":true,"href":"https:\/\/www.diasdavilaacontece.com\/index.php?rest_route=\/wp\/v2\/media\/50941"}],"wp:attachment":[{"href":"https:\/\/www.diasdavilaacontece.com\/index.php?rest_route=%2Fwp%2Fv2%2Fmedia&parent=50940"}],"wp:term":[{"taxonomy":"category","embeddable":true,"href":"https:\/\/www.diasdavilaacontece.com\/index.php?rest_route=%2Fwp%2Fv2%2Fcategories&post=50940"},{"taxonomy":"post_tag","embeddable":true,"href":"https:\/\/www.diasdavilaacontece.com\/index.php?rest_route=%2Fwp%2Fv2%2Ftags&post=50940"}],"curies":[{"name":"wp","href":"https:\/\/api.w.org\/{rel}","templated":true}]}}