{"id":50943,"date":"2026-01-08T23:20:31","date_gmt":"2026-01-08T23:20:31","guid":{"rendered":"https:\/\/www.diasdavilaacontece.com\/?p=50943"},"modified":"2026-01-08T23:20:31","modified_gmt":"2026-01-08T23:20:31","slug":"verao-2026-sol-lazer-e-um-alerta-que-nao-pode-ser-ignorado","status":"publish","type":"post","link":"https:\/\/www.diasdavilaacontece.com\/?p=50943","title":{"rendered":"VER\u00c3O 2026: SOL, LAZER&#8230; E UM ALERTA QUE N\u00c3O PODE SER IGNORADO"},"content":{"rendered":"<p data-start=\"0\" data-end=\"93\"><em data-start=\"68\" data-end=\"93\">Por Dr. Yang \u2013 Clisanna<\/em><\/p>\n<p data-start=\"129\" data-end=\"220\">O c\u00e2ncer de pele n\u00e3o come\u00e7a com dor. Come\u00e7a com descuido. E o ver\u00e3o \u00e9 o seu maior c\u00famplice.<\/p>\n<p data-start=\"243\" data-end=\"565\">Com a chegada do ver\u00e3o de 2026, o sol aparece mais cedo, se despede mais tarde e castiga a pele sem pedir licen\u00e7a. O c\u00e2ncer de pele continua sendo o tipo mais comum no Brasil \u2014 e, paradoxalmente, um dos mais preven\u00edveis. Ainda assim, todos os anos, milhares de pessoas s\u00f3 procuram ajuda quando o problema j\u00e1 est\u00e1 avan\u00e7ado.<\/p>\n<p data-start=\"567\" data-end=\"857\">A exposi\u00e7\u00e3o excessiva aos raios ultravioleta (UVA e UVB), principalmente entre 10h e 16h, \u00e9 o principal fator de risco. E aqui vai um dado que pouca gente leva a s\u00e9rio: <strong data-start=\"736\" data-end=\"856\">as queimaduras solares na inf\u00e2ncia e na adolesc\u00eancia aumentam drasticamente o risco de c\u00e2ncer de pele na vida adulta<\/strong>.<\/p>\n<p data-start=\"859\" data-end=\"905\">Idosos e crian\u00e7as merecem aten\u00e7\u00e3o redobrada.<\/p>\n<ul data-start=\"906\" data-end=\"1199\">\n<li data-start=\"906\" data-end=\"1049\">\n<p data-start=\"908\" data-end=\"1049\"><strong data-start=\"908\" data-end=\"920\">Crian\u00e7as<\/strong> t\u00eam a pele mais fina e sens\u00edvel, ainda em desenvolvimento. Um \u00fanico ver\u00e3o mal cuidado pode deixar marcas para o resto da vida.<\/p>\n<\/li>\n<li data-start=\"1050\" data-end=\"1199\">\n<p data-start=\"1052\" data-end=\"1199\"><strong data-start=\"1052\" data-end=\"1062\">Idosos<\/strong>, por outro lado, j\u00e1 acumulam d\u00e9cadas de exposi\u00e7\u00e3o solar, o que torna a pele mais vulner\u00e1vel a les\u00f5es malignas, muitas vezes silenciosas.<\/p>\n<\/li>\n<\/ul>\n<p data-start=\"1201\" data-end=\"1474\">Protetor solar n\u00e3o \u00e9 luxo, \u00e9 tratamento preventivo. Deve ser usado diariamente, mesmo em dias nublados, reaplicado a cada duas horas e ap\u00f3s banho ou suor excessivo. Chap\u00e9us, roupas com prote\u00e7\u00e3o UV, \u00f3culos escuros e a busca por sombra s\u00e3o aliados poderosos \u2014 e subestimados.<\/p>\n<p data-start=\"1476\" data-end=\"1620\">Outro ponto cr\u00edtico: <strong data-start=\"1497\" data-end=\"1597\">manchas, feridas que n\u00e3o cicatrizam, pintas que mudam de cor, tamanho ou formato n\u00e3o s\u00e3o normais<\/strong>. S\u00e3o sinais de alerta.<\/p>\n<h3 data-start=\"1627\" data-end=\"1652\">\u2192 <strong data-start=\"1633\" data-end=\"1650\">A\u00e7\u00e3o imediata<\/strong><\/h3>\n<ul data-start=\"1653\" data-end=\"1950\">\n<li data-start=\"1653\" data-end=\"1709\">\n<p data-start=\"1655\" data-end=\"1709\">Use protetor solar FPS 30 ou superior todos os dias.<\/p>\n<\/li>\n<li data-start=\"1710\" data-end=\"1765\">\n<p data-start=\"1712\" data-end=\"1765\">Evite exposi\u00e7\u00e3o direta ao sol nos hor\u00e1rios de pico.<\/p>\n<\/li>\n<li data-start=\"1766\" data-end=\"1843\">\n<p data-start=\"1768\" data-end=\"1843\">Proteja crian\u00e7as com roupas adequadas e protetor espec\u00edfico para a idade.<\/p>\n<\/li>\n<li data-start=\"1844\" data-end=\"1887\">\n<p data-start=\"1846\" data-end=\"1887\">Observe a pele dos idosos regularmente.<\/p>\n<\/li>\n<li data-start=\"1888\" data-end=\"1950\">\n<p data-start=\"1890\" data-end=\"1950\">Fa\u00e7a avalia\u00e7\u00e3o dermatol\u00f3gica preventiva, mesmo sem sintomas.<\/p>\n<\/li>\n<\/ul>\n<p data-start=\"1952\" data-end=\"2082\">Na Clisanna, refor\u00e7amos que preven\u00e7\u00e3o \u00e9 sempre mais simples, menos dolorosa e muito mais eficaz do que qualquer tratamento tardio.<\/p>\n<p data-start=\"2131\" data-end=\"2258\">Bronzeado n\u00e3o \u00e9 sinal de sa\u00fade. \u00c9 sinal de agress\u00e3o \u00e0 pele.<br data-start=\"2190\" data-end=\"2193\">O sol que aquece tamb\u00e9m adoece \u2014 quando o respeito vira descuido.<\/p>\n<p data-start=\"2260\" data-end=\"2463\">Neste ver\u00e3o de 2026, a escolha \u00e9 clara: <strong data-start=\"2300\" data-end=\"2353\">ou voc\u00ea se protege agora, ou o corpo cobra depois<\/strong>. A pele \u00e9 o maior \u00f3rg\u00e3o do corpo humano. E tamb\u00e9m o mais exposto. Cuide dela como quem cuida da pr\u00f3pria vida.<\/p>\n<p data-start=\"2465\" data-end=\"2525\" data-is-last-node=\"\" data-is-only-node=\"\"><em data-start=\"2465\" data-end=\"2475\">Dr. Yang<\/em><br data-start=\"2475\" data-end=\"2478\"><em data-start=\"2478\" data-end=\"2525\" data-is-last-node=\"\">Clisanna \u2013 Sa\u00fade que orienta, previne e cuida<\/em><\/p>\n<h3>Related Images:<\/h3>","protected":false},"excerpt":{"rendered":"<p>Por Dr. Yang \u2013 Clisanna O c\u00e2ncer de pele n\u00e3o come\u00e7a com dor. Come\u00e7a com&#8230;<\/p>\n","protected":false},"author":1,"featured_media":0,"comment_status":"closed","ping_status":"open","sticky":false,"template":"","format":"standard","meta":{"sfsi_plus_gutenberg_text_before_share":"","sfsi_plus_gutenberg_show_text_before_share":"","sfsi_plus_gutenberg_icon_type":"","sfsi_plus_gutenberg_icon_alignemt":"","sfsi_plus_gutenburg_max_per_row":"","_exactmetrics_skip_tracking":false,"_exactmetrics_sitenote_active":false,"_exactmetrics_sitenote_note":"","_exactmetrics_sitenote_category":0,"ngg_post_thumbnail":0,"footnotes":""},"categories":[5],"tags":[],"class_list":["post-50943","post","type-post","status-publish","format-standard","hentry","category-destaques"],"_links":{"self":[{"href":"https:\/\/www.diasdavilaacontece.com\/index.php?rest_route=\/wp\/v2\/posts\/50943","targetHints":{"allow":["GET"]}}],"collection":[{"href":"https:\/\/www.diasdavilaacontece.com\/index.php?rest_route=\/wp\/v2\/posts"}],"about":[{"href":"https:\/\/www.diasdavilaacontece.com\/index.php?rest_route=\/wp\/v2\/types\/post"}],"author":[{"embeddable":true,"href":"https:\/\/www.diasdavilaacontece.com\/index.php?rest_route=\/wp\/v2\/users\/1"}],"replies":[{"embeddable":true,"href":"https:\/\/www.diasdavilaacontece.com\/index.php?rest_route=%2Fwp%2Fv2%2Fcomments&post=50943"}],"version-history":[{"count":2,"href":"https:\/\/www.diasdavilaacontece.com\/index.php?rest_route=\/wp\/v2\/posts\/50943\/revisions"}],"predecessor-version":[{"id":50959,"href":"https:\/\/www.diasdavilaacontece.com\/index.php?rest_route=\/wp\/v2\/posts\/50943\/revisions\/50959"}],"wp:attachment":[{"href":"https:\/\/www.diasdavilaacontece.com\/index.php?rest_route=%2Fwp%2Fv2%2Fmedia&parent=50943"}],"wp:term":[{"taxonomy":"category","embeddable":true,"href":"https:\/\/www.diasdavilaacontece.com\/index.php?rest_route=%2Fwp%2Fv2%2Fcategories&post=50943"},{"taxonomy":"post_tag","embeddable":true,"href":"https:\/\/www.diasdavilaacontece.com\/index.php?rest_route=%2Fwp%2Fv2%2Ftags&post=50943"}],"curies":[{"name":"wp","href":"https:\/\/api.w.org\/{rel}","templated":true}]}}