{"id":50967,"date":"2026-01-11T21:52:54","date_gmt":"2026-01-11T21:52:54","guid":{"rendered":"https:\/\/www.diasdavilaacontece.com\/?p=50967"},"modified":"2026-01-11T21:52:54","modified_gmt":"2026-01-11T21:52:54","slug":"vereador-marco-antonio-anuncia-2-dias-de-mutirao-da-visao-em-dias-davila","status":"publish","type":"post","link":"https:\/\/www.diasdavilaacontece.com\/?p=50967","title":{"rendered":"VEREADOR MARCO ANT\u00d4NIO ANUNCIA 2 DIAS DE MUTIR\u00c3O DA VIS\u00c3O EM DIAS D&#8217;\u00c1VILA"},"content":{"rendered":"<p data-start=\"78\" data-end=\"387\">O vereador <strong data-start=\"89\" data-end=\"121\">Marco Ant\u00f4nio (Uni\u00e3o Brasil)<\/strong> anunciou a realiza\u00e7\u00e3o de um <strong data-start=\"150\" data-end=\"170\">Mutir\u00e3o da Vis\u00e3o<\/strong> que vai atender gratuitamente a popula\u00e7\u00e3o de <strong data-start=\"216\" data-end=\"232\">Dias d\u2019\u00c1vila<\/strong> em dois dias consecutivos. A a\u00e7\u00e3o acontece no <strong data-start=\"279\" data-end=\"304\">s\u00e1bado, 31 de janeiro<\/strong>, no <strong data-start=\"309\" data-end=\"329\">centro da cidade<\/strong>, e no <strong data-start=\"336\" data-end=\"364\">domingo, 1\u00ba de fevereiro<\/strong>, no <strong data-start=\"369\" data-end=\"386\">bairro Genaro<\/strong>.<\/p>\n<p data-start=\"389\" data-end=\"771\">O mutir\u00e3o disponibilizar\u00e1 <strong data-start=\"415\" data-end=\"433\">exame de vista<\/strong>, <strong data-start=\"435\" data-end=\"463\">consultas oftalmol\u00f3gicas<\/strong> e <strong data-start=\"466\" data-end=\"500\">encaminhamentos para cirurgias<\/strong>, tudo de forma <strong data-start=\"516\" data-end=\"539\">totalmente gratuita<\/strong>. Os pacientes que precisarem de \u00f3culos poder\u00e3o receber a <strong data-start=\"597\" data-end=\"618\">doa\u00e7\u00e3o da arma\u00e7\u00e3o<\/strong>, arcando apenas com o custo das lentes, conforme a necessidade indicada no exame. Tamb\u00e9m ser\u00e1 oferecido <strong data-start=\"723\" data-end=\"755\">servi\u00e7o de limpeza de lentes<\/strong> durante a a\u00e7\u00e3o.<\/p>\n<p data-start=\"773\" data-end=\"1014\">Entre os procedimentos previstos para encaminhamento cir\u00fargico est\u00e3o as cirurgias de <strong data-start=\"858\" data-end=\"870\">catarata<\/strong> e <strong data-start=\"873\" data-end=\"885\">pter\u00edgio<\/strong>, problemas oftalmol\u00f3gicos comuns que, quando n\u00e3o tratados, comprometem seriamente a qualidade de vida e a autonomia das pessoas.<\/p>\n<p data-start=\"1016\" data-end=\"1322\">Para o vereador Marco Ant\u00f4nio, o projeto vai al\u00e9m da presta\u00e7\u00e3o de um servi\u00e7o de sa\u00fade. \u201c\u00c9 uma a\u00e7\u00e3o de cuidado, de aten\u00e7\u00e3o com quem mais precisa. Muitas pessoas convivem com dificuldades de vis\u00e3o por falta de acesso a exames e tratamento\u201d, destacou.<\/p>\n<p data-start=\"1324\" data-end=\"1639\">A iniciativa refor\u00e7a a import\u00e2ncia de pol\u00edticas p\u00fablicas voltadas \u00e0 sa\u00fade preventiva e ao acesso digno aos servi\u00e7os b\u00e1sicos, especialmente para a popula\u00e7\u00e3o mais carente. A vis\u00e3o comprometida impacta diretamente o trabalho, os estudos e a vida social, tornando a\u00e7\u00f5es como essa, fundamentais para o bem-estar coletivo.<\/p>\n<p data-start=\"1641\" data-end=\"1852\">O mutir\u00e3o tamb\u00e9m evidencia um mandato atento \u00e0s demandas reais da popula\u00e7\u00e3o, priorizando a <strong data-start=\"1732\" data-end=\"1742\">escuta<\/strong>, a <strong data-start=\"1746\" data-end=\"1770\">presen\u00e7a nos bairros<\/strong> e a <strong data-start=\"1775\" data-end=\"1822\">aproxima\u00e7\u00e3o com quem precisa de atendimento<\/strong>, sem burocracia e sem custos.<\/p>\n<p data-start=\"1854\" data-end=\"2038\" data-is-last-node=\"\" data-is-only-node=\"\">&nbsp;<\/p>\n<h3>Related Images:<\/h3>","protected":false},"excerpt":{"rendered":"<p>O vereador Marco Ant\u00f4nio (Uni\u00e3o Brasil) anunciou a realiza\u00e7\u00e3o de um Mutir\u00e3o da Vis\u00e3o que&#8230;<\/p>\n","protected":false},"author":1,"featured_media":50968,"comment_status":"closed","ping_status":"open","sticky":false,"template":"","format":"standard","meta":{"sfsi_plus_gutenberg_text_before_share":"","sfsi_plus_gutenberg_show_text_before_share":"","sfsi_plus_gutenberg_icon_type":"","sfsi_plus_gutenberg_icon_alignemt":"","sfsi_plus_gutenburg_max_per_row":"","_exactmetrics_skip_tracking":false,"_exactmetrics_sitenote_active":false,"_exactmetrics_sitenote_note":"","_exactmetrics_sitenote_category":0,"ngg_post_thumbnail":0,"footnotes":""},"categories":[5],"tags":[],"class_list":["post-50967","post","type-post","status-publish","format-standard","has-post-thumbnail","hentry","category-destaques"],"_links":{"self":[{"href":"https:\/\/www.diasdavilaacontece.com\/index.php?rest_route=\/wp\/v2\/posts\/50967","targetHints":{"allow":["GET"]}}],"collection":[{"href":"https:\/\/www.diasdavilaacontece.com\/index.php?rest_route=\/wp\/v2\/posts"}],"about":[{"href":"https:\/\/www.diasdavilaacontece.com\/index.php?rest_route=\/wp\/v2\/types\/post"}],"author":[{"embeddable":true,"href":"https:\/\/www.diasdavilaacontece.com\/index.php?rest_route=\/wp\/v2\/users\/1"}],"replies":[{"embeddable":true,"href":"https:\/\/www.diasdavilaacontece.com\/index.php?rest_route=%2Fwp%2Fv2%2Fcomments&post=50967"}],"version-history":[{"count":1,"href":"https:\/\/www.diasdavilaacontece.com\/index.php?rest_route=\/wp\/v2\/posts\/50967\/revisions"}],"predecessor-version":[{"id":50969,"href":"https:\/\/www.diasdavilaacontece.com\/index.php?rest_route=\/wp\/v2\/posts\/50967\/revisions\/50969"}],"wp:featuredmedia":[{"embeddable":true,"href":"https:\/\/www.diasdavilaacontece.com\/index.php?rest_route=\/wp\/v2\/media\/50968"}],"wp:attachment":[{"href":"https:\/\/www.diasdavilaacontece.com\/index.php?rest_route=%2Fwp%2Fv2%2Fmedia&parent=50967"}],"wp:term":[{"taxonomy":"category","embeddable":true,"href":"https:\/\/www.diasdavilaacontece.com\/index.php?rest_route=%2Fwp%2Fv2%2Fcategories&post=50967"},{"taxonomy":"post_tag","embeddable":true,"href":"https:\/\/www.diasdavilaacontece.com\/index.php?rest_route=%2Fwp%2Fv2%2Ftags&post=50967"}],"curies":[{"name":"wp","href":"https:\/\/api.w.org\/{rel}","templated":true}]}}