{"id":50998,"date":"2026-01-13T11:05:15","date_gmt":"2026-01-13T11:05:15","guid":{"rendered":"https:\/\/www.diasdavilaacontece.com\/?p=50998"},"modified":"2026-01-13T11:05:15","modified_gmt":"2026-01-13T11:05:15","slug":"valor-do-seguro-desemprego-sobe-em-2026","status":"publish","type":"post","link":"https:\/\/www.diasdavilaacontece.com\/?p=50998","title":{"rendered":"VALOR DO SEGURO-DESEMPREGO SOBE EM 2026"},"content":{"rendered":"<p>O trabalhador demitido sem justa causa passou a receber parcelas maiores do seguro-desemprego a partir desta segunda-feira (12\/1). O governo federal reajustou as faixas salariais usadas no c\u00e1lculo do benef\u00edcio e elevou o valor m\u00ednimo e o teto pago aos segurados.<\/p>\n<p>As faixas do seguro-desemprego foram corrigidas em 3,9%. O percentual \u00e9 equivalente \u00e0 varia\u00e7\u00e3o do INPC de 2024, \u00edndice que mede a infla\u00e7\u00e3o para fam\u00edlias de menor renda.<\/p>\n<p><strong>Confira os ajustes:<\/strong><\/p>\n<ul>\n<li>O piso acompanhou o aumento do sal\u00e1rio m\u00ednimo e passou de R$ 1.518 para R$ 1.621<\/li>\n<li>O valor m\u00e1ximo do benef\u00edcio subiu de R$ 2.424,11 para R$ 2.518,65<\/li>\n<\/ul>\n<p>Os novos valores j\u00e1 est\u00e3o em vigor e valem tanto para trabalhadores que j\u00e1 recebem o benef\u00edcio quanto para quem ainda far\u00e1 o pedido. O c\u00e1lculo do seguro-desemprego continua baseado na m\u00e9dia das tr\u00eas \u00faltimas remunera\u00e7\u00f5es anteriores \u00e0 demiss\u00e3o.<\/p>\n<p>Como ficam as faixas do seguro-desemprego em 2026?&nbsp;<\/p>\n<p>Ap\u00f3s o reajuste, o valor da parcela ser\u00e1 definido da seguinte forma:<\/p>\n<ul>\n<li>Sal\u00e1rio m\u00e9dio at\u00e9 R$ 2.222,17 &#8211; O trabalhador recebe 80% da m\u00e9dia salarial ou o sal\u00e1rio m\u00ednimo, prevalecendo o maior valor.<\/li>\n<li>Sal\u00e1rio m\u00e9dio de R$ 2.222,18 a R$ 3.703,99 &#8211; O benef\u00edcio corresponde a 50% do valor que ultrapassar R$ 2.222,17, somado a uma parcela fixa de R$ 1.777,74.<\/li>\n<li>Sal\u00e1rio m\u00e9dio acima de R$ 3.703,99 &#8211; A parcela \u00e9 fixa, no valor m\u00e1ximo de R$ 2.518,65.<\/li>\n<\/ul>\n<p>Em nenhum caso o seguro-desemprego poder\u00e1 ser inferior ao sal\u00e1rio-m\u00ednimo vigente em 2026, fixado em R$ 1.621, segundo o Minist\u00e9rio do Trabalho e Emprego.<\/p>\n<h2>Veja regras e como solicitar<\/h2>\n<p>Para ter direito ao seguro-desemprego \u00e9 preciso atender alguns requisitos. Al\u00e9m da demiss\u00e3o sem justa causa, a pessoa deve estar desempregada no momento da solicita\u00e7\u00e3o e ter trabalhado durante um determinado per\u00edodo. O solicitante n\u00e3o pode possuir renda pr\u00f3pria e nem receber benef\u00edcio de presta\u00e7\u00e3o continuada, com exce\u00e7\u00e3o do aux\u00edlio-acidente ou pens\u00e3o por morte.<\/p>\n<p>\u00c9 preciso reunir uma s\u00e9rie de documentos para entrar com o pedido. S\u00e3o eles: requerimento do seguro-desemprego (fornecido pelo empregador ap\u00f3s a demiss\u00e3o); documento de identidade; CPF; carteira de trabalho; n\u00famero PIS\/Pasep; Termo de Rescis\u00e3o do Contrato de Trabalho (TRCT); e extrato do FGTS.<\/p>\n<p>A solicita\u00e7\u00e3o pode ser feita online. No aplicativo Carteira de Trabalho Digital, basta acessar o menu &#8220;Benef\u00edcios&#8221; e acessar a se\u00e7\u00e3o &#8220;seguro-desemprego&#8221;. O portal gov.br tamb\u00e9m oferece o servi\u00e7o.<\/p>\n<p>Tamb\u00e9m h\u00e1 op\u00e7\u00e3o de atendimento presencial. O trabalhador pode solicitar o benef\u00edcio em unidades da Superintend\u00eancia Regional do Trabalho desde que fa\u00e7a o agendamento pelo telefone 158.<\/p>\n<p>&nbsp;<\/p>\n<p>Por: FolhaPress<\/p>\n<h3>Related Images:<\/h3>","protected":false},"excerpt":{"rendered":"<p>O trabalhador demitido sem justa causa passou a receber parcelas maiores do seguro-desemprego a partir&#8230;<\/p>\n","protected":false},"author":1,"featured_media":50999,"comment_status":"closed","ping_status":"open","sticky":false,"template":"","format":"standard","meta":{"sfsi_plus_gutenberg_text_before_share":"","sfsi_plus_gutenberg_show_text_before_share":"","sfsi_plus_gutenberg_icon_type":"","sfsi_plus_gutenberg_icon_alignemt":"","sfsi_plus_gutenburg_max_per_row":"","_exactmetrics_skip_tracking":false,"_exactmetrics_sitenote_active":false,"_exactmetrics_sitenote_note":"","_exactmetrics_sitenote_category":0,"ngg_post_thumbnail":0,"footnotes":""},"categories":[115],"tags":[],"class_list":["post-50998","post","type-post","status-publish","format-standard","has-post-thumbnail","hentry","category-acontece"],"_links":{"self":[{"href":"https:\/\/www.diasdavilaacontece.com\/index.php?rest_route=\/wp\/v2\/posts\/50998","targetHints":{"allow":["GET"]}}],"collection":[{"href":"https:\/\/www.diasdavilaacontece.com\/index.php?rest_route=\/wp\/v2\/posts"}],"about":[{"href":"https:\/\/www.diasdavilaacontece.com\/index.php?rest_route=\/wp\/v2\/types\/post"}],"author":[{"embeddable":true,"href":"https:\/\/www.diasdavilaacontece.com\/index.php?rest_route=\/wp\/v2\/users\/1"}],"replies":[{"embeddable":true,"href":"https:\/\/www.diasdavilaacontece.com\/index.php?rest_route=%2Fwp%2Fv2%2Fcomments&post=50998"}],"version-history":[{"count":1,"href":"https:\/\/www.diasdavilaacontece.com\/index.php?rest_route=\/wp\/v2\/posts\/50998\/revisions"}],"predecessor-version":[{"id":51000,"href":"https:\/\/www.diasdavilaacontece.com\/index.php?rest_route=\/wp\/v2\/posts\/50998\/revisions\/51000"}],"wp:featuredmedia":[{"embeddable":true,"href":"https:\/\/www.diasdavilaacontece.com\/index.php?rest_route=\/wp\/v2\/media\/50999"}],"wp:attachment":[{"href":"https:\/\/www.diasdavilaacontece.com\/index.php?rest_route=%2Fwp%2Fv2%2Fmedia&parent=50998"}],"wp:term":[{"taxonomy":"category","embeddable":true,"href":"https:\/\/www.diasdavilaacontece.com\/index.php?rest_route=%2Fwp%2Fv2%2Fcategories&post=50998"},{"taxonomy":"post_tag","embeddable":true,"href":"https:\/\/www.diasdavilaacontece.com\/index.php?rest_route=%2Fwp%2Fv2%2Ftags&post=50998"}],"curies":[{"name":"wp","href":"https:\/\/api.w.org\/{rel}","templated":true}]}}