{"id":51043,"date":"2026-01-15T23:04:57","date_gmt":"2026-01-15T23:04:57","guid":{"rendered":"https:\/\/www.diasdavilaacontece.com\/?p=51043"},"modified":"2026-01-15T23:04:57","modified_gmt":"2026-01-15T23:04:57","slug":"presidente-da-camara-vereador-junior-do-requeijao-projeta-2026-de-muito-trabalho-e-eleicoes","status":"publish","type":"post","link":"https:\/\/www.diasdavilaacontece.com\/?p=51043","title":{"rendered":"PRESIDENTE DA C\u00c2MARA, VEREADOR J\u00daNIOR DO REQUEIJ\u00c3O PROJETA 2026 DE MUITO TRABALHO E ELEI\u00c7\u00d5ES"},"content":{"rendered":"<p data-start=\"118\" data-end=\"485\">Mesmo com a C\u00e2mara Municipal de <strong data-start=\"150\" data-end=\"166\">Dias d\u2019\u00c1vila<\/strong> em recesso, o presidente da Casa, <strong data-start=\"201\" data-end=\"233\">vereador J\u00fanior do Requeij\u00e3o<\/strong>, deixou claro que <strong data-start=\"252\" data-end=\"295\">2026 n\u00e3o ser\u00e1 um ano de portas fechadas<\/strong> \u2014 muito pelo contr\u00e1rio. Segundo ele, o pr\u00f3ximo ano ser\u00e1 marcado por <strong data-start=\"364\" data-end=\"397\">intensa atividade legislativa<\/strong>, fortalecimento institucional e continuidade de a\u00e7\u00f5es voltadas diretamente \u00e0 popula\u00e7\u00e3o.<\/p>\n<p data-start=\"487\" data-end=\"926\">\u00c0 frente do Legislativo, J\u00fanior destacou que a <strong data-start=\"534\" data-end=\"565\">C\u00e2mara segue aberta ao povo<\/strong>, mantendo o compromisso com a transpar\u00eancia, o di\u00e1logo e o atendimento \u00e0s demandas da comunidade. O presidente tamb\u00e9m adiantou que pretende <strong data-start=\"706\" data-end=\"782\">dar continuidade ao processo de reformas e melhoramentos da Casa do Povo<\/strong>, com o objetivo de oferecer melhores condi\u00e7\u00f5es de trabalho aos vereadores e um espa\u00e7o mais acolhedor e eficiente para quem busca o Legislativo.<\/p>\n<ul>\n<li data-start=\"928\" data-end=\"1234\">\u201c<strong data-start=\"929\" data-end=\"1135\">A C\u00e2mara \u00e9 do povo e precisa estar preparada para receber o povo. Mesmo em recesso, estamos aqui, ouvindo, organizando e planejando. 2026 ser\u00e1 um ano de muito trabalho, de responsabilidade e de presen\u00e7a<\/strong>, porque a popula\u00e7\u00e3o precisa sentir que o Legislativo est\u00e1 funcionando de verdade\u201d, afirmou o edil.<\/li>\n<\/ul>\n<p data-start=\"1236\" data-end=\"1664\">O ano de 2026 tamb\u00e9m ser\u00e1 <strong data-start=\"1262\" data-end=\"1299\">eleitoral para a C\u00e2mara Municipal<\/strong>, e J\u00fanior acredita na <strong data-start=\"1322\" data-end=\"1377\">continuidade do trabalho que vem sendo desenvolvido<\/strong>, baseado em organiza\u00e7\u00e3o administrativa, fortalecimento institucional e proximidade com a popula\u00e7\u00e3o.&nbsp;<\/p>\n<p data-start=\"1666\" data-end=\"1942\">Al\u00e9m do cen\u00e1rio local, J\u00fanior chama aten\u00e7\u00e3o para o contexto nacional. Segundo ele, 2026 ser\u00e1 um ano de <strong data-start=\"1769\" data-end=\"1817\">grande agita\u00e7\u00e3o pol\u00edtica em todas as esferas<\/strong>, com elei\u00e7\u00f5es para <strong data-start=\"1837\" data-end=\"1918\">presidente da Rep\u00fablica, governador, senador e deputados federais e estaduais<\/strong>, marcadas para outubro.<\/p>\n<ul>\n<li data-start=\"1944\" data-end=\"2249\">\u201c<strong data-start=\"1945\" data-end=\"2238\">Ser\u00e1 um ano eleitoral intenso, que vai movimentar o pa\u00eds inteiro. As elei\u00e7\u00f5es nacionais s\u00e3o decisivas e impactam diretamente estados e munic\u00edpios. Precisamos de maturidade pol\u00edtica, responsabilidade e muito di\u00e1logo, porque o que ser\u00e1 decidido nas urnas reflete no dia a dia da nossa cidade<\/strong>\u201d, pontuou.<\/li>\n<\/ul>\n<p data-start=\"2251\" data-end=\"2583\">Para o presidente da C\u00e2mara, o momento exige equil\u00edbrio institucional e foco no interesse p\u00fablico, especialmente em um per\u00edodo em que o debate pol\u00edtico tende a se intensificar. A import\u00e2ncia da elei\u00e7\u00e3o nacional, segundo ele, est\u00e1 no poder de definir rumos econ\u00f4micos, sociais e administrativos que chegam diretamente aos munic\u00edpios.<\/p>\n<h3>Related Images:<\/h3>","protected":false},"excerpt":{"rendered":"<p>Mesmo com a C\u00e2mara Municipal de Dias d\u2019\u00c1vila em recesso, o presidente da Casa, vereador&#8230;<\/p>\n","protected":false},"author":1,"featured_media":51044,"comment_status":"closed","ping_status":"open","sticky":false,"template":"","format":"standard","meta":{"sfsi_plus_gutenberg_text_before_share":"","sfsi_plus_gutenberg_show_text_before_share":"","sfsi_plus_gutenberg_icon_type":"","sfsi_plus_gutenberg_icon_alignemt":"","sfsi_plus_gutenburg_max_per_row":"","_exactmetrics_skip_tracking":false,"_exactmetrics_sitenote_active":false,"_exactmetrics_sitenote_note":"","_exactmetrics_sitenote_category":0,"ngg_post_thumbnail":0,"footnotes":""},"categories":[5],"tags":[],"class_list":["post-51043","post","type-post","status-publish","format-standard","has-post-thumbnail","hentry","category-destaques"],"_links":{"self":[{"href":"https:\/\/www.diasdavilaacontece.com\/index.php?rest_route=\/wp\/v2\/posts\/51043","targetHints":{"allow":["GET"]}}],"collection":[{"href":"https:\/\/www.diasdavilaacontece.com\/index.php?rest_route=\/wp\/v2\/posts"}],"about":[{"href":"https:\/\/www.diasdavilaacontece.com\/index.php?rest_route=\/wp\/v2\/types\/post"}],"author":[{"embeddable":true,"href":"https:\/\/www.diasdavilaacontece.com\/index.php?rest_route=\/wp\/v2\/users\/1"}],"replies":[{"embeddable":true,"href":"https:\/\/www.diasdavilaacontece.com\/index.php?rest_route=%2Fwp%2Fv2%2Fcomments&post=51043"}],"version-history":[{"count":1,"href":"https:\/\/www.diasdavilaacontece.com\/index.php?rest_route=\/wp\/v2\/posts\/51043\/revisions"}],"predecessor-version":[{"id":51045,"href":"https:\/\/www.diasdavilaacontece.com\/index.php?rest_route=\/wp\/v2\/posts\/51043\/revisions\/51045"}],"wp:featuredmedia":[{"embeddable":true,"href":"https:\/\/www.diasdavilaacontece.com\/index.php?rest_route=\/wp\/v2\/media\/51044"}],"wp:attachment":[{"href":"https:\/\/www.diasdavilaacontece.com\/index.php?rest_route=%2Fwp%2Fv2%2Fmedia&parent=51043"}],"wp:term":[{"taxonomy":"category","embeddable":true,"href":"https:\/\/www.diasdavilaacontece.com\/index.php?rest_route=%2Fwp%2Fv2%2Fcategories&post=51043"},{"taxonomy":"post_tag","embeddable":true,"href":"https:\/\/www.diasdavilaacontece.com\/index.php?rest_route=%2Fwp%2Fv2%2Ftags&post=51043"}],"curies":[{"name":"wp","href":"https:\/\/api.w.org\/{rel}","templated":true}]}}