{"id":51046,"date":"2026-01-15T23:16:07","date_gmt":"2026-01-15T23:16:07","guid":{"rendered":"https:\/\/www.diasdavilaacontece.com\/?p=51046"},"modified":"2026-01-15T23:16:07","modified_gmt":"2026-01-15T23:16:07","slug":"verao-2026-promete-calor-intenso-dr-yang-da-clisanna-alerta-para-cuidados-com-a-saude-e-o-corpo","status":"publish","type":"post","link":"https:\/\/www.diasdavilaacontece.com\/?p=51046","title":{"rendered":"VER\u00c3O 2026 PROMETE CALOR INTENSO: DR YANG, DA CLISANNA ALERTA PARA CUIDADOS COM A SA\u00daDE E O CORPO"},"content":{"rendered":"<p data-start=\"95\" data-end=\"461\">Com as previs\u00f5es meteorol\u00f3gicas sugerindo que o <strong data-start=\"143\" data-end=\"202\">ver\u00e3o de 2026 ser\u00e1 um dos mais quentes dos \u00faltimos anos<\/strong>, cresce a necessidade de aten\u00e7\u00e3o redobrada \u00e0 sa\u00fade diante das altas temperaturas. O <strong data-start=\"287\" data-end=\"307\">Dr. Yang Fonseca<\/strong>, m\u00e9dico da <strong data-start=\"319\" data-end=\"331\">Clisanna<\/strong>, destaca que calor extremo exige mais do organismo e pode trazer riscos s\u00e9rios se medidas simples de prote\u00e7\u00e3o n\u00e3o forem adotadas.<\/p>\n<p data-start=\"463\" data-end=\"801\">Segundo Yang, o corpo humano tem limites \u2014 e o calor, quando ultrapassado, pode desencadear desde <strong data-start=\"561\" data-end=\"589\">desidrata\u00e7\u00e3o e insola\u00e7\u00e3o<\/strong> at\u00e9 <strong data-start=\"594\" data-end=\"656\">problemas dermatol\u00f3gicos e agravamento de doen\u00e7as cr\u00f4nicas<\/strong>. Por isso, ele ressalta a import\u00e2ncia de cuidados espec\u00edficos para diferentes grupos, como <strong data-start=\"748\" data-end=\"777\">trabalhadores ao ar livre<\/strong>, <strong data-start=\"779\" data-end=\"800\">crian\u00e7as e idosos<\/strong>.<\/p>\n<blockquote data-start=\"803\" data-end=\"1289\">\n<ul>\n<li data-start=\"805\" data-end=\"1289\"><em data-start=\"805\" data-end=\"1272\">\u201cEstamos enfrentando um ver\u00e3o com temperaturas elevadas e esse cen\u00e1rio exige uma aten\u00e7\u00e3o maior com a nossa sa\u00fade. Beber l\u00edquidos ao longo do dia, evitar exposi\u00e7\u00e3o solar no per\u00edodo mais quente, usar bloqueador e roupas leves n\u00e3o s\u00e3o apenas recomenda\u00e7\u00f5es: s\u00e3o medidas necess\u00e1rias para proteger o organismo e evitar complica\u00e7\u00f5es. Cuidar da pele, manter a hidrata\u00e7\u00e3o e observar sinais de mal-estar \u00e9 um cuidado fundamental para todos, principalmente crian\u00e7as e idosos\u201d,<\/em> afirma o m\u00e9dico.<\/li>\n<\/ul>\n<\/blockquote>\n<h3 data-start=\"1291\" data-end=\"1342\">\u2600\ufe0f <strong data-start=\"1298\" data-end=\"1342\">Hidrata\u00e7\u00e3o constante: a base da prote\u00e7\u00e3o<\/strong><\/h3>\n<p data-start=\"1344\" data-end=\"1509\">Com o aumento da sudorese em dias quentes, o corpo perde \u00e1gua e eletr\u00f3litos \u2014 subst\u00e2ncias essenciais para o funcionamento equilibrado do organismo. Yang destaca que:<\/p>\n<ul data-start=\"1511\" data-end=\"1787\">\n<li data-start=\"1511\" data-end=\"1572\">\n<p data-start=\"1513\" data-end=\"1572\">\u00c9 essencial beber \u00e1gua regularmente, mesmo sem sentir sede.<\/p>\n<\/li>\n<li data-start=\"1573\" data-end=\"1695\">\n<p data-start=\"1575\" data-end=\"1695\">Bebidas isot\u00f4nicas podem ajudar a repor sais minerais em atividades f\u00edsicas prolongadas ou em trabalhos expostos ao sol.<\/p>\n<\/li>\n<li data-start=\"1696\" data-end=\"1787\">\n<p data-start=\"1698\" data-end=\"1787\">Evitar bebidas alco\u00f3licas em excesso, j\u00e1 que podem levar \u00e0 desidrata\u00e7\u00e3o com mais rapidez.<\/p>\n<\/li>\n<\/ul>\n<h3 data-start=\"1789\" data-end=\"1835\">\ud83e\uddf4 <strong data-start=\"1796\" data-end=\"1835\">Sol: prote\u00e7\u00e3o \u00e9 mais que necess\u00e1ria<\/strong><\/h3>\n<p data-start=\"1837\" data-end=\"1960\">A radia\u00e7\u00e3o ultravioleta pode causar danos cumulativos \u00e0 pele, olhos e at\u00e9 ao sistema imunol\u00f3gico. O especialista recomenda:<\/p>\n<ul data-start=\"1962\" data-end=\"2221\">\n<li data-start=\"1962\" data-end=\"2052\">\n<p data-start=\"1964\" data-end=\"2052\">Uso de <strong data-start=\"1971\" data-end=\"1991\">bloqueador solar<\/strong> com fator adequado e reaplica\u00e7\u00e3o ap\u00f3s suor intenso ou banho.<\/p>\n<\/li>\n<li data-start=\"2053\" data-end=\"2131\">\n<p data-start=\"2055\" data-end=\"2131\">Chap\u00e9us, bon\u00e9s e roupas com prote\u00e7\u00e3o UV ajudam a reduzir a exposi\u00e7\u00e3o direta.<\/p>\n<\/li>\n<li data-start=\"2132\" data-end=\"2221\">\n<p data-start=\"2134\" data-end=\"2221\">Evitar exposi\u00e7\u00e3o ao sol entre <strong data-start=\"2164\" data-end=\"2177\">10h e 16h<\/strong>, quando os raios solares s\u00e3o mais intensos.<\/p>\n<\/li>\n<\/ul>\n<h3 data-start=\"2223\" data-end=\"2274\">\ud83d\udc76\ud83d\udc75 <strong data-start=\"2232\" data-end=\"2274\">Cuidado especial com crian\u00e7as e idosos<\/strong><\/h3>\n<p data-start=\"2276\" data-end=\"2315\">Esses grupos merecem aten\u00e7\u00e3o redobrada:<\/p>\n<ul data-start=\"2317\" data-end=\"2629\">\n<li data-start=\"2317\" data-end=\"2439\">\n<p data-start=\"2319\" data-end=\"2439\"><strong data-start=\"2319\" data-end=\"2331\">Crian\u00e7as<\/strong> t\u00eam maior dificuldade de regular a temperatura corporal e demandam hidrata\u00e7\u00e3o frequente e sombra constante.<\/p>\n<\/li>\n<li data-start=\"2440\" data-end=\"2629\">\n<p data-start=\"2442\" data-end=\"2629\"><strong data-start=\"2442\" data-end=\"2452\">Idosos<\/strong>, muitas vezes com condi\u00e7\u00f5es de sa\u00fade preexistentes, s\u00e3o mais vulner\u00e1veis aos efeitos do calor e precisam de acompanhamento regular, ingest\u00e3o de l\u00edquidos e ambientes ventilados.<\/p>\n<\/li>\n<\/ul>\n<h3 data-start=\"2631\" data-end=\"2681\">\ud83d\udc77 <strong data-start=\"2638\" data-end=\"2681\">Trabalho ao ar livre: aten\u00e7\u00e3o duplicada<\/strong><\/h3>\n<p data-start=\"2683\" data-end=\"2769\">Quem labora sob o sol, como trabalhadores rurais, da constru\u00e7\u00e3o ou feirantes, precisa:<\/p>\n<ul data-start=\"2771\" data-end=\"2939\">\n<li data-start=\"2771\" data-end=\"2817\">\n<p data-start=\"2773\" data-end=\"2817\">Fazer pausas regulares em locais sombreados.<\/p>\n<\/li>\n<li data-start=\"2818\" data-end=\"2857\">\n<p data-start=\"2820\" data-end=\"2857\">Manter hidrata\u00e7\u00e3o e alimenta\u00e7\u00e3o leve.<\/p>\n<\/li>\n<li data-start=\"2858\" data-end=\"2939\">\n<p data-start=\"2860\" data-end=\"2939\">Utilizar equipamentos de prote\u00e7\u00e3o como chap\u00e9us, roupas claras e protetor solar.<\/p>\n<\/li>\n<\/ul>\n<h3 data-start=\"2941\" data-end=\"2987\">\ud83c\udf21\ufe0f <strong data-start=\"2949\" data-end=\"2987\">Sinais que n\u00e3o podem ser ignorados<\/strong><\/h3>\n<p data-start=\"2989\" data-end=\"3226\">Yang alerta: se houver sintomas como <strong data-start=\"3026\" data-end=\"3137\">tontura, n\u00e1useas, fraqueza intensa, pele quente e seca, confus\u00e3o mental ou batimentos card\u00edacos irregulares<\/strong>, pode ser sinal de <strong data-start=\"3157\" data-end=\"3170\">insola\u00e7\u00e3o<\/strong> \u2014 uma emerg\u00eancia que exige atendimento m\u00e9dico imediato.<\/p>\n<h3>Related Images:<\/h3>","protected":false},"excerpt":{"rendered":"<p>Com as previs\u00f5es meteorol\u00f3gicas sugerindo que o ver\u00e3o de 2026 ser\u00e1 um dos mais quentes&#8230;<\/p>\n","protected":false},"author":1,"featured_media":51047,"comment_status":"closed","ping_status":"open","sticky":false,"template":"","format":"standard","meta":{"sfsi_plus_gutenberg_text_before_share":"","sfsi_plus_gutenberg_show_text_before_share":"","sfsi_plus_gutenberg_icon_type":"","sfsi_plus_gutenberg_icon_alignemt":"","sfsi_plus_gutenburg_max_per_row":"","_exactmetrics_skip_tracking":false,"_exactmetrics_sitenote_active":false,"_exactmetrics_sitenote_note":"","_exactmetrics_sitenote_category":0,"ngg_post_thumbnail":0,"footnotes":""},"categories":[5],"tags":[],"class_list":["post-51046","post","type-post","status-publish","format-standard","has-post-thumbnail","hentry","category-destaques"],"_links":{"self":[{"href":"https:\/\/www.diasdavilaacontece.com\/index.php?rest_route=\/wp\/v2\/posts\/51046","targetHints":{"allow":["GET"]}}],"collection":[{"href":"https:\/\/www.diasdavilaacontece.com\/index.php?rest_route=\/wp\/v2\/posts"}],"about":[{"href":"https:\/\/www.diasdavilaacontece.com\/index.php?rest_route=\/wp\/v2\/types\/post"}],"author":[{"embeddable":true,"href":"https:\/\/www.diasdavilaacontece.com\/index.php?rest_route=\/wp\/v2\/users\/1"}],"replies":[{"embeddable":true,"href":"https:\/\/www.diasdavilaacontece.com\/index.php?rest_route=%2Fwp%2Fv2%2Fcomments&post=51046"}],"version-history":[{"count":1,"href":"https:\/\/www.diasdavilaacontece.com\/index.php?rest_route=\/wp\/v2\/posts\/51046\/revisions"}],"predecessor-version":[{"id":51048,"href":"https:\/\/www.diasdavilaacontece.com\/index.php?rest_route=\/wp\/v2\/posts\/51046\/revisions\/51048"}],"wp:featuredmedia":[{"embeddable":true,"href":"https:\/\/www.diasdavilaacontece.com\/index.php?rest_route=\/wp\/v2\/media\/51047"}],"wp:attachment":[{"href":"https:\/\/www.diasdavilaacontece.com\/index.php?rest_route=%2Fwp%2Fv2%2Fmedia&parent=51046"}],"wp:term":[{"taxonomy":"category","embeddable":true,"href":"https:\/\/www.diasdavilaacontece.com\/index.php?rest_route=%2Fwp%2Fv2%2Fcategories&post=51046"},{"taxonomy":"post_tag","embeddable":true,"href":"https:\/\/www.diasdavilaacontece.com\/index.php?rest_route=%2Fwp%2Fv2%2Ftags&post=51046"}],"curies":[{"name":"wp","href":"https:\/\/api.w.org\/{rel}","templated":true}]}}