{"id":51053,"date":"2026-01-16T22:56:11","date_gmt":"2026-01-16T22:56:11","guid":{"rendered":"https:\/\/www.diasdavilaacontece.com\/?p=51053"},"modified":"2026-01-17T00:36:38","modified_gmt":"2026-01-17T00:36:38","slug":"modelo-diasdavilense-vitor-tranzillo-recebe-destaque-acontece-2025-por-projecao-estadual-e-valorizacao-da-cidade","status":"publish","type":"post","link":"https:\/\/www.diasdavilaacontece.com\/?p=51053","title":{"rendered":"MODELO V\u00cdTOR TRANZILLO RECEBE DESTAQUE ACONTECE 2025 POR PROJE\u00c7\u00c3O ESTADUAL E VALORIZA\u00c7\u00c3O DA CIDADE"},"content":{"rendered":"<div class=\"xdj266r x14z9mp xat24cr x1lziwak x1vvkbs x126k92a\">\n<div dir=\"auto\">Modelo solteropolitano e atuante em Dias D\u2019\u00c1vila Vitor Tranzillo recebe Destaque Acontece 2025 por proje\u00e7\u00e3o estadual e valoriza\u00e7\u00e3o da cidade<\/div>\n<\/div>\n<div class=\"x14z9mp xat24cr x1lziwak x1vvkbs xtlvy1s x126k92a\">\n<div dir=\"auto\">O modelo Vitor Tranzillo foi reconhecido com o Pr\u00eamio Destaque Acontece 2025, concedido pelo Jornal Dias d\u2019\u00c1vila Acontece, pelo destaque alcan\u00e7ado no estado da Bahia e pela forma profissional com que vem representando o munic\u00edpio.<\/div>\n<div dir=\"auto\">&nbsp;<\/div>\n<div dir=\"auto\">Com atua\u00e7\u00e3o concentrada principalmente nas redes sociais \u2014 Instagram e Facebook \u2014, Vitor tem constru\u00eddo uma presen\u00e7a s\u00f3lida, coerente e crescente, mesmo diante de um mercado ainda limitado em Dias d\u2019\u00c1vila. Seu trabalho ultrapassa a l\u00f3gica da exposi\u00e7\u00e3o virtual e se traduz em reconhecimento real, participa\u00e7\u00e3o em eventos e conquistas importantes fora do munic\u00edpio.<\/div>\n<div dir=\"auto\">&nbsp;<\/div>\n<div dir=\"auto\">Entre os principais marcos de sua trajet\u00f3ria est\u00e1 a participa\u00e7\u00e3o no Mister Eco Mercosul, concurso realizado no Rio de Janeiro, no qual V\u00edtor obteve resultados expressivos: Mister Eco Bahia, Mister Eco Salvador e Mister Eco Mercosul, t\u00edtulos que ampliaram sua visibilidade e refor\u00e7aram seu nome no cen\u00e1rio destes profissionais.<\/div>\n<div dir=\"auto\">&nbsp;<\/div>\n<div dir=\"auto\">Em Dias d\u2019\u00c1vila, V\u00edtor tamb\u00e9m marca presen\u00e7a nos eventos culturais da cidade. Em 2025, participou da entrega do t\u00edtulo da Musa da Pororoca, uma das festas juninas de rua mais concorrida do munic\u00edpio, refor\u00e7ando sua liga\u00e7\u00e3o com a cultura e sua atua\u00e7\u00e3o como figura p\u00fablica pr\u00f3xima da comunidade.<\/div>\n<div dir=\"auto\">&nbsp;<\/div>\n<div dir=\"auto\">Mesmo com um mercado ainda restrito para modelos na cidade, Vitor tem sido constantemente lembrado e valorizado por seus trabalhos, postura profissional e compromisso com causas sociais. Ele \u00e9 ativista da causa animal, vegetariano, acad\u00eamico de Medicina Veterin\u00e1ria e idealizador do canal \u201cGataiada do Podcast\u201d.<\/div>\n<div dir=\"auto\">&nbsp;<\/div>\n<div dir=\"auto\">A presen\u00e7a de pessoas como Vitor Tranzillo \u00e9 estrat\u00e9gica para cidades como Dias d\u2019\u00c1vila. Elas rompem fronteiras geogr\u00e1ficas, projetam o nome do munic\u00edpio para outros territ\u00f3rios, constroem pontes com outros estados e at\u00e9 com o cen\u00e1rio maioresl, al\u00e9m de inspirarem jovens a acreditarem que \u00e9 poss\u00edvel crescer profissionalmente sem perder a identidade com sua cidade de origem.<\/div>\n<\/div>\n<div class=\"x14z9mp xat24cr x1lziwak x1vvkbs xtlvy1s x126k92a\">\n<div dir=\"auto\">Ao receber o Pr\u00eamio Destaque Acontece 2025, Vitor destacou o significado do reconhecimento:<\/div>\n<div dir=\"auto\">&nbsp;<\/div>\n<div dir=\"auto\">\u201cReceber esse pr\u00eamio do Jornal Dias d\u2019\u00c1vila Acontece \u00e9 uma honra enorme. Representar a cidade, mostrar que Dias d\u2019\u00c1vila tem talento e potencial para o mundo, \u00e9 algo que levo com muito orgulho. Esse reconhecimento me motiva a continuar trabalhando com seriedade, prop\u00f3sito e responsabilidade.\u201d<\/div>\n<div dir=\"auto\">O reconhecimento a Vitor Tranzillo reafirma a import\u00e2ncia de valorizar talentos locais que levam o nome de Dias d\u2019\u00c1vila al\u00e9m dos seus limites territoriais, mostrando que a cidade tamb\u00e9m \u00e9 ber\u00e7o de profissionais preparados, engajados e com vis\u00e3o de futuro.<\/div>\n<\/div>\n<h3>Related Images:<\/h3>","protected":false},"excerpt":{"rendered":"<p>Modelo solteropolitano e atuante em Dias D\u2019\u00c1vila Vitor Tranzillo recebe Destaque Acontece 2025 por proje\u00e7\u00e3o&#8230;<\/p>\n","protected":false},"author":1,"featured_media":51065,"comment_status":"closed","ping_status":"open","sticky":false,"template":"","format":"standard","meta":{"sfsi_plus_gutenberg_text_before_share":"","sfsi_plus_gutenberg_show_text_before_share":"","sfsi_plus_gutenberg_icon_type":"","sfsi_plus_gutenberg_icon_alignemt":"","sfsi_plus_gutenburg_max_per_row":"","_exactmetrics_skip_tracking":false,"_exactmetrics_sitenote_active":false,"_exactmetrics_sitenote_note":"","_exactmetrics_sitenote_category":0,"ngg_post_thumbnail":0,"footnotes":""},"categories":[5],"tags":[],"class_list":["post-51053","post","type-post","status-publish","format-standard","has-post-thumbnail","hentry","category-destaques"],"_links":{"self":[{"href":"https:\/\/www.diasdavilaacontece.com\/index.php?rest_route=\/wp\/v2\/posts\/51053","targetHints":{"allow":["GET"]}}],"collection":[{"href":"https:\/\/www.diasdavilaacontece.com\/index.php?rest_route=\/wp\/v2\/posts"}],"about":[{"href":"https:\/\/www.diasdavilaacontece.com\/index.php?rest_route=\/wp\/v2\/types\/post"}],"author":[{"embeddable":true,"href":"https:\/\/www.diasdavilaacontece.com\/index.php?rest_route=\/wp\/v2\/users\/1"}],"replies":[{"embeddable":true,"href":"https:\/\/www.diasdavilaacontece.com\/index.php?rest_route=%2Fwp%2Fv2%2Fcomments&post=51053"}],"version-history":[{"count":3,"href":"https:\/\/www.diasdavilaacontece.com\/index.php?rest_route=\/wp\/v2\/posts\/51053\/revisions"}],"predecessor-version":[{"id":51068,"href":"https:\/\/www.diasdavilaacontece.com\/index.php?rest_route=\/wp\/v2\/posts\/51053\/revisions\/51068"}],"wp:featuredmedia":[{"embeddable":true,"href":"https:\/\/www.diasdavilaacontece.com\/index.php?rest_route=\/wp\/v2\/media\/51065"}],"wp:attachment":[{"href":"https:\/\/www.diasdavilaacontece.com\/index.php?rest_route=%2Fwp%2Fv2%2Fmedia&parent=51053"}],"wp:term":[{"taxonomy":"category","embeddable":true,"href":"https:\/\/www.diasdavilaacontece.com\/index.php?rest_route=%2Fwp%2Fv2%2Fcategories&post=51053"},{"taxonomy":"post_tag","embeddable":true,"href":"https:\/\/www.diasdavilaacontece.com\/index.php?rest_route=%2Fwp%2Fv2%2Ftags&post=51053"}],"curies":[{"name":"wp","href":"https:\/\/api.w.org\/{rel}","templated":true}]}}