{"id":51120,"date":"2026-01-22T12:01:21","date_gmt":"2026-01-22T12:01:21","guid":{"rendered":"https:\/\/www.diasdavilaacontece.com\/?p=51120"},"modified":"2026-01-22T12:01:21","modified_gmt":"2026-01-22T12:01:21","slug":"evento-gospel-acontece-em-dias-davila-nesta-sexta-e-sabado-23-e-24-na-praca-imbassay","status":"publish","type":"post","link":"https:\/\/www.diasdavilaacontece.com\/?p=51120","title":{"rendered":"EVENTO GOSPEL ACONTECE EM DIAS D&#8217;\u00c1VILA NESTA SEXTA E S\u00c1BADO (23 E 24) NA PRA\u00c7A IMBASSAY"},"content":{"rendered":"<p>A cidade de Dias d&#8217;\u00c1vila este ano celebrar\u00e1 o seus 41 anos de emancipa\u00e7\u00e3o pol\u00edtica com a realiza\u00e7\u00e3o do evento gospel, Festival &#8216;Adorar Dias d\u2019\u00c1vila&#8217;. A data para este evento ser\u00e1 nos dias 23 e 24 de janeiro, a partir das 18h, na Pra\u00e7a do Imbassay.<\/p>\n<p>Na sexta-feira, o p\u00fablico vai assistir apresenta\u00e7\u00f5es de Ticiana Guimar\u00e3es, Shirley Albuquerque, Valesca Mayssa e Samuel Eleot\u00e9rio.<\/p>\n<p data-start=\"616\" data-end=\"1463\">No s\u00e1bado, shows de Jess\u00e9 Gameleira, Miriam Ara\u00fajo, Ta\u00edse Rosa, al\u00e9m de uma participa\u00e7\u00e3o especial do cantor Davi Sacer &#8211; ainda a dupla Jefferson &amp; Suellen e a banda Som &amp; Louvor.&nbsp;<\/p>\n<p data-start=\"616\" data-end=\"1463\">Com entrada gratuita, o festival promete reunir os diasdavilenses e moradores das cidades vizinhas em duas noites marcadas por f\u00e9, louvor e adora\u00e7\u00e3o, fortalecendo a espiritualidade e o sentimento de comunh\u00e3o entre os presentes.<\/p>\n<p>Entre as atra\u00e7\u00f5es confirmadas est\u00e3o: Som &amp; Louvor, Samuel Eleot\u00e9rio, Valesca Mayssa, Jefferson &amp; Suellen e Davi Sacer &#8211; al\u00e9m da participa\u00e7\u00e3o de talentos locais.<\/p>\n<h3>Related Images:<\/h3>","protected":false},"excerpt":{"rendered":"<p>A cidade de Dias d&#8217;\u00c1vila este ano celebrar\u00e1 o seus 41 anos de emancipa\u00e7\u00e3o pol\u00edtica&#8230;<\/p>\n","protected":false},"author":1,"featured_media":50956,"comment_status":"closed","ping_status":"open","sticky":false,"template":"","format":"standard","meta":{"sfsi_plus_gutenberg_text_before_share":"","sfsi_plus_gutenberg_show_text_before_share":"","sfsi_plus_gutenberg_icon_type":"","sfsi_plus_gutenberg_icon_alignemt":"","sfsi_plus_gutenburg_max_per_row":"","_exactmetrics_skip_tracking":false,"_exactmetrics_sitenote_active":false,"_exactmetrics_sitenote_note":"","_exactmetrics_sitenote_category":0,"ngg_post_thumbnail":0,"footnotes":""},"categories":[5],"tags":[],"class_list":["post-51120","post","type-post","status-publish","format-standard","has-post-thumbnail","hentry","category-destaques"],"_links":{"self":[{"href":"https:\/\/www.diasdavilaacontece.com\/index.php?rest_route=\/wp\/v2\/posts\/51120","targetHints":{"allow":["GET"]}}],"collection":[{"href":"https:\/\/www.diasdavilaacontece.com\/index.php?rest_route=\/wp\/v2\/posts"}],"about":[{"href":"https:\/\/www.diasdavilaacontece.com\/index.php?rest_route=\/wp\/v2\/types\/post"}],"author":[{"embeddable":true,"href":"https:\/\/www.diasdavilaacontece.com\/index.php?rest_route=\/wp\/v2\/users\/1"}],"replies":[{"embeddable":true,"href":"https:\/\/www.diasdavilaacontece.com\/index.php?rest_route=%2Fwp%2Fv2%2Fcomments&post=51120"}],"version-history":[{"count":1,"href":"https:\/\/www.diasdavilaacontece.com\/index.php?rest_route=\/wp\/v2\/posts\/51120\/revisions"}],"predecessor-version":[{"id":51121,"href":"https:\/\/www.diasdavilaacontece.com\/index.php?rest_route=\/wp\/v2\/posts\/51120\/revisions\/51121"}],"wp:featuredmedia":[{"embeddable":true,"href":"https:\/\/www.diasdavilaacontece.com\/index.php?rest_route=\/wp\/v2\/media\/50956"}],"wp:attachment":[{"href":"https:\/\/www.diasdavilaacontece.com\/index.php?rest_route=%2Fwp%2Fv2%2Fmedia&parent=51120"}],"wp:term":[{"taxonomy":"category","embeddable":true,"href":"https:\/\/www.diasdavilaacontece.com\/index.php?rest_route=%2Fwp%2Fv2%2Fcategories&post=51120"},{"taxonomy":"post_tag","embeddable":true,"href":"https:\/\/www.diasdavilaacontece.com\/index.php?rest_route=%2Fwp%2Fv2%2Ftags&post=51120"}],"curies":[{"name":"wp","href":"https:\/\/api.w.org\/{rel}","templated":true}]}}