{"id":51127,"date":"2026-01-23T20:24:53","date_gmt":"2026-01-23T20:24:53","guid":{"rendered":"https:\/\/www.diasdavilaacontece.com\/?p=51127"},"modified":"2026-01-23T20:24:53","modified_gmt":"2026-01-23T20:24:53","slug":"o-planeta-terra-entra-na-era-da-falencia-hidrica-alerta-a-onu","status":"publish","type":"post","link":"https:\/\/www.diasdavilaacontece.com\/?p=51127","title":{"rendered":"O PLANETA TERRA ENTRA NA ERA DA &#8216;FAL\u00caNCIA H\u00cdDRICA&#8217;, ALERTA A ONU"},"content":{"rendered":"<p>O Instituto para \u00c1gua, Meio Ambiente e Sa\u00fade da Universidade das Na\u00e7\u00f5es Unidas divulgou estudo que aponta que o&nbsp;planeta est\u00e1 em fase cr\u00edtica de esgotamento dos recursos h\u00eddricos. A pesquisa divulgada no in\u00edcio desta semana demonstra que lagos, rios e aqu\u00edferos em diversas regi\u00f5es do mundo est\u00e3o entrando em colapso, comprometendo \u00e1reas respons\u00e1veis por quase metade da produ\u00e7\u00e3o mundial de alimentos.<\/p>\n<aside class=\"inreadads inreadads-1\">\n<div id=\"wrapper-otempo-inread-1\" class=\"wrapper-otempo-inread\">\n<div id=\"div-otempo-o-inread-1\" class=\"content-otempo-inread\">Os sistemas hidrol\u00f3gicos fundamentais ultrapassaram um ponto cr\u00edtico onde a extra\u00e7\u00e3o supera a capacidade natural de reposi\u00e7\u00e3o. Na apresenta\u00e7\u00e3o do estudo em Nova York, Kaveh Madani, diretor do Instituto para \u00c1gua, Meio Ambiente e Sa\u00fade da Universidade das Na\u00e7\u00f5es Unidas, alertou que &#8220;muitos sistemas h\u00eddricos essenciais j\u00e1 est\u00e3o em colapso&#8221; e que &#8220;o dano ecol\u00f3gico s\u00f3 vai se aprofundar, alimentando conflitos sociais&#8221;.<\/div>\n<\/div>\n<\/aside>\n<p>O levantamento mostra que metade dos grandes lagos do mundo perdeu volume de \u00e1gua desde o in\u00edcio da d\u00e9cada de 1990. Esses lagos s\u00e3o fonte h\u00eddrica para 25% da popula\u00e7\u00e3o mundial. Cerca de 70% dos principais aqu\u00edferos do planeta apresentam n\u00edveis em decl\u00ednio, afetando &#8220;reservas&#8221; subterr\u00e2neas em diversos pa\u00edses.<\/p>\n<p>As zonas \u00famidas naturais foram reduzidas em 410 milh\u00f5es de hectares nos \u00faltimos 50 anos. Esta \u00e1rea equivale ao territ\u00f3rio completo da Uni\u00e3o Europeia. Estes ambientes s\u00e3o fundamentais para a regula\u00e7\u00e3o do ciclo hidrol\u00f3gico e manuten\u00e7\u00e3o da biodiversidade.<\/p>\n<p>O documento ser\u00e1 apresentado durante encontro em Dacar, no Senegal, nos dias 26 e 27 de janeiro. Este evento prepara a Confer\u00eancia da ONU sobre a \u00c1gua de 2026, programada para 2 a 4 de dezembro nos Emirados \u00c1rabes Unidos, com apoio do governo senegal\u00eas.<\/p>\n<h2>&#8216;Renda&#8217; anual foi consumida<\/h2>\n<p>Os pesquisadores explicam a crise usando analogias financeiras. Segundo eles, muitas sociedades consumiram toda sua &#8220;renda&#8221; anual de \u00e1gua renov\u00e1vel &#8211; proveniente de rios, solos e neve derretida &#8211; e esgotaram suas &#8220;reservas&#8221; de longo prazo armazenadas em aqu\u00edferos e geleiras.<\/p>\n<p>Nem todas as bacias hidrogr\u00e1ficas enfrentam essa situa\u00e7\u00e3o cr\u00edtica, mas muitas \u00e1reas estrat\u00e9gicas j\u00e1 sofrem os efeitos da escassez. Os impactos afetam o com\u00e9rcio internacional, fluxos migrat\u00f3rios, equil\u00edbrio clim\u00e1tico e rela\u00e7\u00f5es entre na\u00e7\u00f5es.<\/p>\n<p>Em diversas regi\u00f5es, secas ocasionais transformaram-se em escassez permanente de \u00e1gua, persistindo mesmo em anos com precipita\u00e7\u00f5es consideradas &#8220;normais&#8221;. Isso ocorre porque a demanda h\u00eddrica supera a capacidade de oferta natural dos ecossistemas.<\/p>\n<h2>Qualidade da \u00e1gua<\/h2>\n<p>O relat\u00f3rio tamb\u00e9m alerta para a deteriora\u00e7\u00e3o da qualidade da \u00e1gua dispon\u00edvel. Os&nbsp;recursos h\u00eddricos est\u00e3o contaminados por agroqu\u00edmicos, efluentes dom\u00e9sticos n\u00e3o tratados, res\u00edduos de minera\u00e7\u00e3o, polui\u00e7\u00e3o por pl\u00e1sticos e subst\u00e2ncias como f\u00e1rmacos e produtos de higiene pessoal.<\/p>\n<p>Esta degrada\u00e7\u00e3o qualitativa afeta rios, lagos e \u00e1guas costeiras globalmente. Em bacias hidrogr\u00e1ficas densamente povoadas, observa-se prolifera\u00e7\u00e3o de algas nocivas, contamina\u00e7\u00e3o por microrganismos patog\u00eanicos e elevados n\u00edveis de toxicidade.<\/p>\n<p>Os autores do estudo recomendam que governos concentrem esfor\u00e7os na &#8220;gest\u00e3o da fal\u00eancia&#8221; h\u00eddrica. Eles sugerem medidas para prevenir danos irrevers\u00edveis aos ecossistemas aqu\u00e1ticos, transformando setores econ\u00f4micos intensivos em consumo de \u00e1gua.<\/p>\n<p>O Instituto para \u00c1gua, Meio Ambiente e Sa\u00fade da Universidade das Na\u00e7\u00f5es Unidas destaca que a situa\u00e7\u00e3o exige mudan\u00e7a na gest\u00e3o dos recursos h\u00eddricos, passando da expectativa de abund\u00e2ncia para estrat\u00e9gias de administra\u00e7\u00e3o da escassez. Os dados apresentados servir\u00e3o como base para discuss\u00f5es sobre pol\u00edticas p\u00fablicas durante a confer\u00eancia no Senegal e posteriormente na Confer\u00eancia da ONU sobre a \u00c1gua.<\/p>\n<h3>Related Images:<\/h3>","protected":false},"excerpt":{"rendered":"<p>O Instituto para \u00c1gua, Meio Ambiente e Sa\u00fade da Universidade das Na\u00e7\u00f5es Unidas divulgou estudo&#8230;<\/p>\n","protected":false},"author":1,"featured_media":51128,"comment_status":"closed","ping_status":"open","sticky":false,"template":"","format":"standard","meta":{"sfsi_plus_gutenberg_text_before_share":"","sfsi_plus_gutenberg_show_text_before_share":"","sfsi_plus_gutenberg_icon_type":"","sfsi_plus_gutenberg_icon_alignemt":"","sfsi_plus_gutenburg_max_per_row":"","_exactmetrics_skip_tracking":false,"_exactmetrics_sitenote_active":false,"_exactmetrics_sitenote_note":"","_exactmetrics_sitenote_category":0,"ngg_post_thumbnail":0,"footnotes":""},"categories":[115],"tags":[],"class_list":["post-51127","post","type-post","status-publish","format-standard","has-post-thumbnail","hentry","category-acontece"],"_links":{"self":[{"href":"https:\/\/www.diasdavilaacontece.com\/index.php?rest_route=\/wp\/v2\/posts\/51127","targetHints":{"allow":["GET"]}}],"collection":[{"href":"https:\/\/www.diasdavilaacontece.com\/index.php?rest_route=\/wp\/v2\/posts"}],"about":[{"href":"https:\/\/www.diasdavilaacontece.com\/index.php?rest_route=\/wp\/v2\/types\/post"}],"author":[{"embeddable":true,"href":"https:\/\/www.diasdavilaacontece.com\/index.php?rest_route=\/wp\/v2\/users\/1"}],"replies":[{"embeddable":true,"href":"https:\/\/www.diasdavilaacontece.com\/index.php?rest_route=%2Fwp%2Fv2%2Fcomments&post=51127"}],"version-history":[{"count":1,"href":"https:\/\/www.diasdavilaacontece.com\/index.php?rest_route=\/wp\/v2\/posts\/51127\/revisions"}],"predecessor-version":[{"id":51129,"href":"https:\/\/www.diasdavilaacontece.com\/index.php?rest_route=\/wp\/v2\/posts\/51127\/revisions\/51129"}],"wp:featuredmedia":[{"embeddable":true,"href":"https:\/\/www.diasdavilaacontece.com\/index.php?rest_route=\/wp\/v2\/media\/51128"}],"wp:attachment":[{"href":"https:\/\/www.diasdavilaacontece.com\/index.php?rest_route=%2Fwp%2Fv2%2Fmedia&parent=51127"}],"wp:term":[{"taxonomy":"category","embeddable":true,"href":"https:\/\/www.diasdavilaacontece.com\/index.php?rest_route=%2Fwp%2Fv2%2Fcategories&post=51127"},{"taxonomy":"post_tag","embeddable":true,"href":"https:\/\/www.diasdavilaacontece.com\/index.php?rest_route=%2Fwp%2Fv2%2Ftags&post=51127"}],"curies":[{"name":"wp","href":"https:\/\/api.w.org\/{rel}","templated":true}]}}