{"id":51321,"date":"2026-02-05T20:59:39","date_gmt":"2026-02-05T20:59:39","guid":{"rendered":"https:\/\/www.diasdavilaacontece.com\/?p=51321"},"modified":"2026-02-05T20:59:39","modified_gmt":"2026-02-05T20:59:39","slug":"eduardo-cruel-e-pastor-junior-assumem-vereanca-apos-cassacao-em-dias-davila","status":"publish","type":"post","link":"https:\/\/www.diasdavilaacontece.com\/?p=51321","title":{"rendered":"EDUARDO CRUEL E PASTOR J\u00daNIOR ASSUMEM VEREAN\u00c7A AP\u00d3S CASSA\u00c7\u00c3O EM DIAS D&#8217;\u00c1VILA"},"content":{"rendered":"<p data-start=\"0\" data-end=\"360\">A <strong data-start=\"2\" data-end=\"39\">Justi\u00e7a Eleitoral de Dias d\u2019\u00c1vila<\/strong> promoveu, nesta <strong data-start=\"56\" data-end=\"76\">quarta-feira (4)<\/strong>, a recontagem dos votos das elei\u00e7\u00f5es proporcionais no munic\u00edpio de 2024. O procedimento teve como objetivo redefinir as vagas na C\u00e2mara de Vereadores ap\u00f3s a <strong data-start=\"226\" data-end=\"301\">cassa\u00e7\u00e3o dos mandatos de Joabe Palmeiras (PSB) e Maria Imperatriz (PSD)<\/strong>, em decorr\u00eancia de decis\u00f5es judiciais no \u00e2mbito eleitoral.<\/p>\n<p data-start=\"362\" data-end=\"749\">Com a nova apura\u00e7\u00e3o, a Justi\u00e7a confirmou a elei\u00e7\u00e3o dos <strong data-start=\"417\" data-end=\"441\">suplentes Cruel (PP)<\/strong>, que somou <strong data-start=\"453\" data-end=\"466\">559 votos<\/strong>, e <strong data-start=\"470\" data-end=\"502\">Pastor J\u00fanior (Uni\u00e3o Brasil)<\/strong>, que obteve <strong data-start=\"515\" data-end=\"528\">753 votos<\/strong>. A <strong data-start=\"532\" data-end=\"546\">diploma\u00e7\u00e3o<\/strong> dos novos parlamentares est\u00e1 prevista para a <strong data-start=\"592\" data-end=\"621\">pr\u00f3xima segunda-feira (9)<\/strong>, no <strong data-start=\"626\" data-end=\"664\">Cart\u00f3rio Eleitoral de Dias d\u2019\u00c1vila<\/strong>. Ainda no mesmo dia, \u00e0s <strong data-start=\"689\" data-end=\"696\">17h<\/strong>, ambos devem ser <strong data-start=\"714\" data-end=\"748\">empossados na C\u00e2mara Municipal<\/strong>.<\/p>\n<p data-start=\"751\" data-end=\"1111\">A altera\u00e7\u00e3o gera reflexos diretos no cen\u00e1rio pol\u00edtico local. Com a sa\u00edda de dois vereadores que integravam a oposi\u00e7\u00e3o e a chegada de dois nomes ligados \u00e0 base governista do prefeito <strong data-start=\"933\" data-end=\"958\">Alberto Castro (PSDB), que<\/strong> passa a contar com <strong data-start=\"978\" data-end=\"1003\">14 vereadores aliados<\/strong> no Legislativo. Com isso, apenas <strong data-start=\"1037\" data-end=\"1077\">um parlamentar permanece na oposi\u00e7\u00e3o<\/strong>, o vereador <strong data-start=\"1090\" data-end=\"1110\">Thiago Lima (PL)<\/strong>.<\/p>\n<p data-start=\"1113\" data-end=\"1333\" data-is-last-node=\"\" data-is-only-node=\"\">A nova composi\u00e7\u00e3o consolida uma <strong data-start=\"1145\" data-end=\"1173\">ampla maioria governista<\/strong> na C\u00e2mara de Dias d\u2019\u00c1vila e redefine o equil\u00edbrio de for\u00e7as pol\u00edticas no Legislativo municipal, marcando um novo momento ap\u00f3s as decis\u00f5es da Justi\u00e7a Eleitoral.<\/p>\n<h3>Related Images:<\/h3>","protected":false},"excerpt":{"rendered":"<p>A Justi\u00e7a Eleitoral de Dias d\u2019\u00c1vila promoveu, nesta quarta-feira (4), a recontagem dos votos das&#8230;<\/p>\n","protected":false},"author":1,"featured_media":51322,"comment_status":"closed","ping_status":"open","sticky":false,"template":"","format":"standard","meta":{"sfsi_plus_gutenberg_text_before_share":"","sfsi_plus_gutenberg_show_text_before_share":"","sfsi_plus_gutenberg_icon_type":"","sfsi_plus_gutenberg_icon_alignemt":"","sfsi_plus_gutenburg_max_per_row":"","_exactmetrics_skip_tracking":false,"_exactmetrics_sitenote_active":false,"_exactmetrics_sitenote_note":"","_exactmetrics_sitenote_category":0,"ngg_post_thumbnail":0,"footnotes":""},"categories":[5],"tags":[],"class_list":["post-51321","post","type-post","status-publish","format-standard","has-post-thumbnail","hentry","category-destaques"],"_links":{"self":[{"href":"https:\/\/www.diasdavilaacontece.com\/index.php?rest_route=\/wp\/v2\/posts\/51321","targetHints":{"allow":["GET"]}}],"collection":[{"href":"https:\/\/www.diasdavilaacontece.com\/index.php?rest_route=\/wp\/v2\/posts"}],"about":[{"href":"https:\/\/www.diasdavilaacontece.com\/index.php?rest_route=\/wp\/v2\/types\/post"}],"author":[{"embeddable":true,"href":"https:\/\/www.diasdavilaacontece.com\/index.php?rest_route=\/wp\/v2\/users\/1"}],"replies":[{"embeddable":true,"href":"https:\/\/www.diasdavilaacontece.com\/index.php?rest_route=%2Fwp%2Fv2%2Fcomments&post=51321"}],"version-history":[{"count":1,"href":"https:\/\/www.diasdavilaacontece.com\/index.php?rest_route=\/wp\/v2\/posts\/51321\/revisions"}],"predecessor-version":[{"id":51323,"href":"https:\/\/www.diasdavilaacontece.com\/index.php?rest_route=\/wp\/v2\/posts\/51321\/revisions\/51323"}],"wp:featuredmedia":[{"embeddable":true,"href":"https:\/\/www.diasdavilaacontece.com\/index.php?rest_route=\/wp\/v2\/media\/51322"}],"wp:attachment":[{"href":"https:\/\/www.diasdavilaacontece.com\/index.php?rest_route=%2Fwp%2Fv2%2Fmedia&parent=51321"}],"wp:term":[{"taxonomy":"category","embeddable":true,"href":"https:\/\/www.diasdavilaacontece.com\/index.php?rest_route=%2Fwp%2Fv2%2Fcategories&post=51321"},{"taxonomy":"post_tag","embeddable":true,"href":"https:\/\/www.diasdavilaacontece.com\/index.php?rest_route=%2Fwp%2Fv2%2Ftags&post=51321"}],"curies":[{"name":"wp","href":"https:\/\/api.w.org\/{rel}","templated":true}]}}