{"id":51702,"date":"2026-03-05T12:12:34","date_gmt":"2026-03-05T12:12:34","guid":{"rendered":"https:\/\/www.diasdavilaacontece.com\/?p=51702"},"modified":"2026-03-05T12:12:34","modified_gmt":"2026-03-05T12:12:34","slug":"9-a-13-marco-para-receber-a-cesta-da-semana-santa-de-2026-e-preciso-cadastrar-e-receber-os-tickets","status":"publish","type":"post","link":"https:\/\/www.diasdavilaacontece.com\/?p=51702","title":{"rendered":"9 \u00c0 13 MAR\u00c7O: PARA RECEBER A CESTA DA SEMANA SANTA DE 2026 \u00c9 PRECISO CADASTRAR E RECEBER OS TICKETS"},"content":{"rendered":"<p>Semana Santa: a Cesta Santa 2026 da prefs \u00e9 tradi\u00e7\u00e3o que alimenta o cora\u00e7\u00e3o!<\/p>\n<p>Durante os dias 09 e 13 de mar\u00e7o, equipes da SEDES estar\u00e3o no Gin\u00e1sio Jos\u00e9 da Cruz Azevedo para o cadastramento e entrega dos tickets aos benefici\u00e1rios que residem na sede, das 8h \u00e0s 12h e das 13h \u00e0s 16h.<\/p>\n<p>J\u00e1 quem mora nos distritos e zona rural, dever\u00e1 realizar o cadastro e retirar os tickets tamb\u00e9m durante os dias 09 e 13\/03. Para isso, os moradores devem se dirigir \u00e0s escolas e\/ou associa\u00e7\u00f5es das localidades, a partir das 08h.<\/p>\n<p>Ah, vale lembrar que a a\u00e7\u00e3o \u00e9 voltada para fam\u00edlias em situa\u00e7\u00e3o de vulnerabilidade socioecon\u00f4mica, referenciadas pelo (CRAS), benefici\u00e1rias do Bolsa Fam\u00edlia.<\/p>\n<p>\u00c9 imprescind\u00edvel estar portando documento original com foto.<\/p>\n<h3>Related Images:<\/h3>","protected":false},"excerpt":{"rendered":"<p>Semana Santa: a Cesta Santa 2026 da prefs \u00e9 tradi\u00e7\u00e3o que alimenta o cora\u00e7\u00e3o! Durante&#8230;<\/p>\n","protected":false},"author":1,"featured_media":51703,"comment_status":"closed","ping_status":"open","sticky":false,"template":"","format":"standard","meta":{"sfsi_plus_gutenberg_text_before_share":"","sfsi_plus_gutenberg_show_text_before_share":"","sfsi_plus_gutenberg_icon_type":"","sfsi_plus_gutenberg_icon_alignemt":"","sfsi_plus_gutenburg_max_per_row":"","_exactmetrics_skip_tracking":false,"_exactmetrics_sitenote_active":false,"_exactmetrics_sitenote_note":"","_exactmetrics_sitenote_category":0,"ngg_post_thumbnail":0,"footnotes":""},"categories":[5],"tags":[],"class_list":["post-51702","post","type-post","status-publish","format-standard","has-post-thumbnail","hentry","category-destaques"],"_links":{"self":[{"href":"https:\/\/www.diasdavilaacontece.com\/index.php?rest_route=\/wp\/v2\/posts\/51702","targetHints":{"allow":["GET"]}}],"collection":[{"href":"https:\/\/www.diasdavilaacontece.com\/index.php?rest_route=\/wp\/v2\/posts"}],"about":[{"href":"https:\/\/www.diasdavilaacontece.com\/index.php?rest_route=\/wp\/v2\/types\/post"}],"author":[{"embeddable":true,"href":"https:\/\/www.diasdavilaacontece.com\/index.php?rest_route=\/wp\/v2\/users\/1"}],"replies":[{"embeddable":true,"href":"https:\/\/www.diasdavilaacontece.com\/index.php?rest_route=%2Fwp%2Fv2%2Fcomments&post=51702"}],"version-history":[{"count":1,"href":"https:\/\/www.diasdavilaacontece.com\/index.php?rest_route=\/wp\/v2\/posts\/51702\/revisions"}],"predecessor-version":[{"id":51704,"href":"https:\/\/www.diasdavilaacontece.com\/index.php?rest_route=\/wp\/v2\/posts\/51702\/revisions\/51704"}],"wp:featuredmedia":[{"embeddable":true,"href":"https:\/\/www.diasdavilaacontece.com\/index.php?rest_route=\/wp\/v2\/media\/51703"}],"wp:attachment":[{"href":"https:\/\/www.diasdavilaacontece.com\/index.php?rest_route=%2Fwp%2Fv2%2Fmedia&parent=51702"}],"wp:term":[{"taxonomy":"category","embeddable":true,"href":"https:\/\/www.diasdavilaacontece.com\/index.php?rest_route=%2Fwp%2Fv2%2Fcategories&post=51702"},{"taxonomy":"post_tag","embeddable":true,"href":"https:\/\/www.diasdavilaacontece.com\/index.php?rest_route=%2Fwp%2Fv2%2Ftags&post=51702"}],"curies":[{"name":"wp","href":"https:\/\/api.w.org\/{rel}","templated":true}]}}