{"id":51706,"date":"2026-03-05T21:14:04","date_gmt":"2026-03-05T21:14:04","guid":{"rendered":"https:\/\/www.diasdavilaacontece.com\/?p=51706"},"modified":"2026-03-05T21:14:04","modified_gmt":"2026-03-05T21:14:04","slug":"imbassay-dias-davila-registra-novo-assassinato","status":"publish","type":"post","link":"https:\/\/www.diasdavilaacontece.com\/?p=51706","title":{"rendered":"IMBASSAY: DIAS D&#8217;\u00c1VILA REGISTRA NOVO ASSASSINATO"},"content":{"rendered":"<p>Dias d&#8217;\u00c1vila registra nova ocorr\u00eancia de homic\u00eddio em suas ruas.<\/p>\n<p>O fato desta vez se deu no Bairro Imbassay e a v\u00edtima era uma pessoa conhecida como Biro Borracheiro, bastante popular na \u00e1rea.<\/p>\n<p>Segundo informa\u00e7\u00f5es, o mesmo estava numa via p\u00fablica quando foi atingido por tr\u00eas tiros nas costas.<\/p>\n<p>At\u00e9 o momento, ningu\u00e9m foi preso. Boletim de ocorr\u00eancia foi encaminhado para a delegacia para investiga\u00e7\u00e3o para descobrir o motivo e os autores.<\/p>\n<h3>Related Images:<\/h3>","protected":false},"excerpt":{"rendered":"<p>Dias d&#8217;\u00c1vila registra nova ocorr\u00eancia de homic\u00eddio em suas ruas. O fato desta vez se&#8230;<\/p>\n","protected":false},"author":1,"featured_media":51385,"comment_status":"closed","ping_status":"open","sticky":false,"template":"","format":"standard","meta":{"sfsi_plus_gutenberg_text_before_share":"","sfsi_plus_gutenberg_show_text_before_share":"","sfsi_plus_gutenberg_icon_type":"","sfsi_plus_gutenberg_icon_alignemt":"","sfsi_plus_gutenburg_max_per_row":"","_exactmetrics_skip_tracking":false,"_exactmetrics_sitenote_active":false,"_exactmetrics_sitenote_note":"","_exactmetrics_sitenote_category":0,"ngg_post_thumbnail":0,"footnotes":""},"categories":[56],"tags":[],"class_list":["post-51706","post","type-post","status-publish","format-standard","has-post-thumbnail","hentry","category-dias-davila"],"_links":{"self":[{"href":"https:\/\/www.diasdavilaacontece.com\/index.php?rest_route=\/wp\/v2\/posts\/51706","targetHints":{"allow":["GET"]}}],"collection":[{"href":"https:\/\/www.diasdavilaacontece.com\/index.php?rest_route=\/wp\/v2\/posts"}],"about":[{"href":"https:\/\/www.diasdavilaacontece.com\/index.php?rest_route=\/wp\/v2\/types\/post"}],"author":[{"embeddable":true,"href":"https:\/\/www.diasdavilaacontece.com\/index.php?rest_route=\/wp\/v2\/users\/1"}],"replies":[{"embeddable":true,"href":"https:\/\/www.diasdavilaacontece.com\/index.php?rest_route=%2Fwp%2Fv2%2Fcomments&post=51706"}],"version-history":[{"count":1,"href":"https:\/\/www.diasdavilaacontece.com\/index.php?rest_route=\/wp\/v2\/posts\/51706\/revisions"}],"predecessor-version":[{"id":51707,"href":"https:\/\/www.diasdavilaacontece.com\/index.php?rest_route=\/wp\/v2\/posts\/51706\/revisions\/51707"}],"wp:featuredmedia":[{"embeddable":true,"href":"https:\/\/www.diasdavilaacontece.com\/index.php?rest_route=\/wp\/v2\/media\/51385"}],"wp:attachment":[{"href":"https:\/\/www.diasdavilaacontece.com\/index.php?rest_route=%2Fwp%2Fv2%2Fmedia&parent=51706"}],"wp:term":[{"taxonomy":"category","embeddable":true,"href":"https:\/\/www.diasdavilaacontece.com\/index.php?rest_route=%2Fwp%2Fv2%2Fcategories&post=51706"},{"taxonomy":"post_tag","embeddable":true,"href":"https:\/\/www.diasdavilaacontece.com\/index.php?rest_route=%2Fwp%2Fv2%2Ftags&post=51706"}],"curies":[{"name":"wp","href":"https:\/\/api.w.org\/{rel}","templated":true}]}}