{"id":51741,"date":"2026-03-07T12:57:25","date_gmt":"2026-03-07T12:57:25","guid":{"rendered":"https:\/\/www.diasdavilaacontece.com\/?p=51741"},"modified":"2026-03-07T12:57:25","modified_gmt":"2026-03-07T12:57:25","slug":"5-dicas-em-salvador-para-curtir-o-dia-internacional-da-mulher","status":"publish","type":"post","link":"https:\/\/www.diasdavilaacontece.com\/?p=51741","title":{"rendered":"5 DICAS EM SALVADOR PARA CURTIR O DIA INTERNACIONAL DA MULHER"},"content":{"rendered":"<div class=\"flex flex-col w-full font-normal text-[18px] leading-[30px] text-tw-theme-text-default\">\n<p id=\"paragrafo-05iixtu69d\"><b>Pra\u00e7a das Artes no Pel\u00f4<\/b><\/p>\n<\/div>\n<div class=\"flex flex-col w-full font-normal text-[18px] leading-[30px] text-tw-theme-text-default\">\n<p id=\"paragrafo-siqvwvpflj\">O pagod\u00e3o baiano ganha um manifesto de pot\u00eancia na Pra\u00e7a das Artes Mestre Neguinho do Samba, no Pelourinho, com a segunda edi\u00e7\u00e3o do Festival Pagode Por Elas. Celebrando a diversidade com um line-up 100% feminino, o evento chega ao seu \u00e1pice neste domingo (8), a partir das 17h. A Dama comanda um show solo completo, enquanto Aila Menezes recebe Gal do Beco, e Sofia Pitta divide o palco com Cinara. A banda Pagode Por Elas traz ainda Rai Ferreira, L\u00e9o Kret e Nath BR, al\u00e9m do retorno da DJ Paulilo para ferver a pista. Os ingressos variam de R$ 15 (meia) at\u00e9 R$ 60 para quem garantiu a inteira dos dois dias.<\/p>\n<\/div>\n<div class=\"flex flex-col w-full font-normal text-[18px] leading-[30px] text-tw-theme-text-default\">\n<p id=\"paragrafo-0t9tx5zbtx\"><b>Largo Quincas Berro d&#8217;\u00c1gua<\/b><\/p>\n<\/div>\n<div class=\"flex flex-col w-full font-normal text-[18px] leading-[30px] text-tw-theme-text-default\">\n<p id=\"paragrafo-zuodilw59u\">O Largo Quincas Berro d\u2019\u00c1gua d\u00e1 a largada para um ano de ocupa\u00e7\u00e3o cultural intensa no Pelourinho com a abertura do Festival Pelourinho Cultural. A programa\u00e7\u00e3o deste domingo (8) promete um encontro de gera\u00e7\u00f5es e estilos a partir das 19h. De um lado, o balan\u00e7o inconfund\u00edvel e hist\u00f3rico do samba-reggae da Banda Reflexus; do outro, a experimenta\u00e7\u00e3o percussiva e o pagod\u00e3o eletr\u00f4nico do \u00c1ttooxx\u00c1. A festa \u00e9 democr\u00e1tica e tem entrada gratuita, perfeita para quem busca sentir o pulso forte da m\u00fasica baiana em um dos largos mais charmosos do Centro Hist\u00f3rico.<\/p>\n<\/div>\n<div class=\"flex flex-col w-full font-normal text-[18px] leading-[30px] text-tw-theme-text-default\">\n<p id=\"paragrafo-gfdwebbumf\"><b>Centro Hist\u00f3rico<\/b><\/p>\n<\/div>\n<div class=\"flex flex-col w-full font-normal text-[18px] leading-[30px] text-tw-theme-text-default\">\n<p id=\"paragrafo-arazlkh8we\">Se a ideia \u00e9 unir paladar e boa m\u00fasica, o Salvador Gastronomia \u00e9 a pedida certeira no Centro Hist\u00f3rico. At\u00e9 este domingo (8), a Pra\u00e7a Tom\u00e9 de Souza e o entorno do hist\u00f3rico Palacete TiraChap\u00e9u, na ic\u00f4nica Rua Chile, recebem cozinhas autorais e uma feira charmosa a c\u00e9u aberto das 15h \u00e0s 21h. O grande charme do festival \u00e9 a curadoria musical pensada para acompanhar o p\u00f4r do sol, sempre entre 17h30 e 19h30, criando aquela transi\u00e7\u00e3o m\u00e1gica da luz natural que convida a esticar a noite. O encerramento, neste domingo (8), fica por conta da delicadeza do projeto \u201cMam\u00e3e Eu Quero\u201d, liderado por M\u00e3eana ao lado de Pedro de Rosa Morais, Stella Maris e Brina Costa, acompanhados pela batida da DJ Libreana. O acesso \u00e9 gratuito.<\/p>\n<p><b>Feira de S\u00e3o Joaquim<\/b><\/p>\n<p>A Feira de S\u00e3o Joaquim se torna o epicentro da f\u00e9 e da cultura popular neste s\u00e1bado (7) com a quinta edi\u00e7\u00e3o do Oloj\u00e1 \u2013 O Senhor do Mercado. Sob o tema \u201cDo mercado ao mundo: Ex\u00fa no calend\u00e1rio da cidade\u201d, o evento celebra a ancestralidade e a economia popular integrando 96 terreiros de candombl\u00e9. A programa\u00e7\u00e3o come\u00e7a cedo na Cal\u00e7ada, com a concentra\u00e7\u00e3o para o cortejo \u00e0s 8h, seguida pelo Xir\u00ea para todos os Orix\u00e1s \u00e0s 10h. A partir das 14h, o Palco Nag\u00f4 recebe uma constela\u00e7\u00e3o da m\u00fasica afro, incluindo Il\u00ea Aiy\u00ea, Cortejo Afro, Samba Trator, Muzenza, Omo Ob\u00e1 e a performance de Aisha Ara\u00fajo convidando Bruno Odessi. Tudo isso com entrada gratuita para quem quiser saudar o princ\u00edpio do movimento e da vida coletiva no cora\u00e7\u00e3o do com\u00e9rcio popular.<\/p>\n<\/div>\n<div class=\"flex flex-col w-full font-normal text-[18px] leading-[30px] text-tw-theme-text-default\">\n<p id=\"paragrafo-0q57xtc8zi\"><b>Batuque de protagonismo<\/b><\/p>\n<\/div>\n<div class=\"flex flex-col w-full font-normal text-[18px] leading-[30px] text-tw-theme-text-default\">\n<p id=\"paragrafo-1ehw5vlxgu\">O Pier do Samba, na Feira de S\u00e3o Joaquim, reserva uma tarde de pura energia para celebrar o Dia Internacional da Mulher. O evento especial \u201cSamba \u2013 Viva as Mulheres\u201d come\u00e7a \u00e0s 13h deste domingo (8), transformando a Avenida Engenheiro Oscar Pontes em um reduto de alegria e resist\u00eancia feminina. A roda de samba conta com a presen\u00e7a ilustre de Gal do Beco, o balan\u00e7o do Samba Ohana, a voz de Aline Souza e o Swing do Fora. \u00c9 a oportunidade ideal para curtir o protagonismo feminino na m\u00fasica com entrada gratuita, celebrando a for\u00e7a das mulheres sambistas \u00e0 beira da Ba\u00eda de Todos-os-Santos.<\/p>\n<\/div>\n<div class=\"flex flex-col w-full font-normal text-[18px] leading-[30px] text-tw-theme-text-default\">\n<p id=\"paragrafo-jnm74vuqkh\">Por @flaviaazevedoalmeida<\/p>\n<\/div>\n<h3>Related Images:<\/h3>","protected":false},"excerpt":{"rendered":"<p>Pra\u00e7a das Artes no Pel\u00f4 O pagod\u00e3o baiano ganha um manifesto de pot\u00eancia na Pra\u00e7a&#8230;<\/p>\n","protected":false},"author":1,"featured_media":51742,"comment_status":"closed","ping_status":"open","sticky":false,"template":"","format":"standard","meta":{"sfsi_plus_gutenberg_text_before_share":"","sfsi_plus_gutenberg_show_text_before_share":"","sfsi_plus_gutenberg_icon_type":"","sfsi_plus_gutenberg_icon_alignemt":"","sfsi_plus_gutenburg_max_per_row":"","_exactmetrics_skip_tracking":false,"_exactmetrics_sitenote_active":false,"_exactmetrics_sitenote_note":"","_exactmetrics_sitenote_category":0,"ngg_post_thumbnail":0,"footnotes":""},"categories":[5],"tags":[],"class_list":["post-51741","post","type-post","status-publish","format-standard","has-post-thumbnail","hentry","category-destaques"],"_links":{"self":[{"href":"https:\/\/www.diasdavilaacontece.com\/index.php?rest_route=\/wp\/v2\/posts\/51741","targetHints":{"allow":["GET"]}}],"collection":[{"href":"https:\/\/www.diasdavilaacontece.com\/index.php?rest_route=\/wp\/v2\/posts"}],"about":[{"href":"https:\/\/www.diasdavilaacontece.com\/index.php?rest_route=\/wp\/v2\/types\/post"}],"author":[{"embeddable":true,"href":"https:\/\/www.diasdavilaacontece.com\/index.php?rest_route=\/wp\/v2\/users\/1"}],"replies":[{"embeddable":true,"href":"https:\/\/www.diasdavilaacontece.com\/index.php?rest_route=%2Fwp%2Fv2%2Fcomments&post=51741"}],"version-history":[{"count":1,"href":"https:\/\/www.diasdavilaacontece.com\/index.php?rest_route=\/wp\/v2\/posts\/51741\/revisions"}],"predecessor-version":[{"id":51743,"href":"https:\/\/www.diasdavilaacontece.com\/index.php?rest_route=\/wp\/v2\/posts\/51741\/revisions\/51743"}],"wp:featuredmedia":[{"embeddable":true,"href":"https:\/\/www.diasdavilaacontece.com\/index.php?rest_route=\/wp\/v2\/media\/51742"}],"wp:attachment":[{"href":"https:\/\/www.diasdavilaacontece.com\/index.php?rest_route=%2Fwp%2Fv2%2Fmedia&parent=51741"}],"wp:term":[{"taxonomy":"category","embeddable":true,"href":"https:\/\/www.diasdavilaacontece.com\/index.php?rest_route=%2Fwp%2Fv2%2Fcategories&post=51741"},{"taxonomy":"post_tag","embeddable":true,"href":"https:\/\/www.diasdavilaacontece.com\/index.php?rest_route=%2Fwp%2Fv2%2Ftags&post=51741"}],"curies":[{"name":"wp","href":"https:\/\/api.w.org\/{rel}","templated":true}]}}