{"id":51744,"date":"2026-03-07T15:29:42","date_gmt":"2026-03-07T15:29:42","guid":{"rendered":"https:\/\/www.diasdavilaacontece.com\/?p=51744"},"modified":"2026-03-07T15:29:42","modified_gmt":"2026-03-07T15:29:42","slug":"prefeitura-de-dias-davila-inaugura-unidade-basica-de-saude-no-leandrinho","status":"publish","type":"post","link":"https:\/\/www.diasdavilaacontece.com\/?p=51744","title":{"rendered":"PREFEITURA DE DIAS D&#8217;\u00c1VILA INAUGURA UNIDADE B\u00c1SICA DE SA\u00daDE NO LEANDRINHO"},"content":{"rendered":"<p>A Prefeitura de Dias d\u2019\u00c1vila, atrav\u00e9s da Secretaria de Sa\u00fade (SESAU), realizou, na tarde desta sexta-feira (06), a inaugura\u00e7\u00e3o da Unidade B\u00e1sica de Sa\u00fade (UBS) do Leandrinho, ampliando a rede de aten\u00e7\u00e3o b\u00e1sica e fortalecendo os servi\u00e7os de sa\u00fade ofertados \u00e0 popula\u00e7\u00e3o.<\/p>\n<p>A unidade, que leva o nome de Nestor Silva Carvalho, foi entregue \u00e0 comunidade com o objetivo de ampliar o acesso aos servi\u00e7os de sa\u00fade e garantir mais qualidade no atendimento aos moradores do Leandrinho e das localidades pr\u00f3ximas.<\/p>\n<p>Planejada para oferecer um atendimento mais humanizado, confort\u00e1vel e eficiente, a nova UBS conta com estrutura adequada para a realiza\u00e7\u00e3o de diversos servi\u00e7os da Aten\u00e7\u00e3o Prim\u00e1ria, como consultas m\u00e9dicas, acompanhamento de enfermagem, vacina\u00e7\u00e3o, atendimento odontol\u00f3gico, al\u00e9m de a\u00e7\u00f5es de preven\u00e7\u00e3o e promo\u00e7\u00e3o da sa\u00fade.<\/p>\n<p>O novo equipamento tamb\u00e9m proporciona melhores condi\u00e7\u00f5es de trabalho para as equipes de sa\u00fade, fortalecendo o atendimento b\u00e1sico, considerado a principal porta de entrada do Sistema \u00danico de Sa\u00fade (SUS).<\/p>\n<p>A entrega da unidade representa mais um avan\u00e7o no fortalecimento da rede municipal de sa\u00fade, reafirmando o compromisso da gest\u00e3o em ampliar o acesso da popula\u00e7\u00e3o aos servi\u00e7os essenciais e garantir mais cuidado e dignidade para os cidad\u00e3os.<\/p>\n<p>A obra contou com investimento de recursos do Governo Federal, por meio de programas de fortalecimento da Aten\u00e7\u00e3o Prim\u00e1ria \u00e0 Sa\u00fade, em parceria com a Prefeitura de Dias d\u2019\u00c1vila, respons\u00e1vel pela execu\u00e7\u00e3o da obra e implanta\u00e7\u00e3o dos servi\u00e7os.<\/p>\n<p>A cerim\u00f4nia de inaugura\u00e7\u00e3o contou com a presen\u00e7a de autoridades dos governos federal, estadual e municipal, t\u00e9cnicos da prefeitura, profissionais da sa\u00fade e moradores da comunidade, que celebraram a entrega de mais um importante equipamento p\u00fablico para a cidade.<\/p>\n<h3>Related Images:<\/h3>","protected":false},"excerpt":{"rendered":"<p>A Prefeitura de Dias d\u2019\u00c1vila, atrav\u00e9s da Secretaria de Sa\u00fade (SESAU), realizou, na tarde desta&#8230;<\/p>\n","protected":false},"author":1,"featured_media":51745,"comment_status":"closed","ping_status":"open","sticky":false,"template":"","format":"standard","meta":{"sfsi_plus_gutenberg_text_before_share":"","sfsi_plus_gutenberg_show_text_before_share":"","sfsi_plus_gutenberg_icon_type":"","sfsi_plus_gutenberg_icon_alignemt":"","sfsi_plus_gutenburg_max_per_row":"","_exactmetrics_skip_tracking":false,"_exactmetrics_sitenote_active":false,"_exactmetrics_sitenote_note":"","_exactmetrics_sitenote_category":0,"ngg_post_thumbnail":0,"footnotes":""},"categories":[56],"tags":[],"class_list":["post-51744","post","type-post","status-publish","format-standard","has-post-thumbnail","hentry","category-dias-davila"],"_links":{"self":[{"href":"https:\/\/www.diasdavilaacontece.com\/index.php?rest_route=\/wp\/v2\/posts\/51744","targetHints":{"allow":["GET"]}}],"collection":[{"href":"https:\/\/www.diasdavilaacontece.com\/index.php?rest_route=\/wp\/v2\/posts"}],"about":[{"href":"https:\/\/www.diasdavilaacontece.com\/index.php?rest_route=\/wp\/v2\/types\/post"}],"author":[{"embeddable":true,"href":"https:\/\/www.diasdavilaacontece.com\/index.php?rest_route=\/wp\/v2\/users\/1"}],"replies":[{"embeddable":true,"href":"https:\/\/www.diasdavilaacontece.com\/index.php?rest_route=%2Fwp%2Fv2%2Fcomments&post=51744"}],"version-history":[{"count":1,"href":"https:\/\/www.diasdavilaacontece.com\/index.php?rest_route=\/wp\/v2\/posts\/51744\/revisions"}],"predecessor-version":[{"id":51746,"href":"https:\/\/www.diasdavilaacontece.com\/index.php?rest_route=\/wp\/v2\/posts\/51744\/revisions\/51746"}],"wp:featuredmedia":[{"embeddable":true,"href":"https:\/\/www.diasdavilaacontece.com\/index.php?rest_route=\/wp\/v2\/media\/51745"}],"wp:attachment":[{"href":"https:\/\/www.diasdavilaacontece.com\/index.php?rest_route=%2Fwp%2Fv2%2Fmedia&parent=51744"}],"wp:term":[{"taxonomy":"category","embeddable":true,"href":"https:\/\/www.diasdavilaacontece.com\/index.php?rest_route=%2Fwp%2Fv2%2Fcategories&post=51744"},{"taxonomy":"post_tag","embeddable":true,"href":"https:\/\/www.diasdavilaacontece.com\/index.php?rest_route=%2Fwp%2Fv2%2Ftags&post=51744"}],"curies":[{"name":"wp","href":"https:\/\/api.w.org\/{rel}","templated":true}]}}