{"id":51747,"date":"2026-03-07T16:25:38","date_gmt":"2026-03-07T16:25:38","guid":{"rendered":"https:\/\/www.diasdavilaacontece.com\/?p=51747"},"modified":"2026-03-07T16:25:38","modified_gmt":"2026-03-07T16:25:38","slug":"conheca-o-salao-diva-do-mix-beauty-spa","status":"publish","type":"post","link":"https:\/\/www.diasdavilaacontece.com\/?p=51747","title":{"rendered":"CONHE\u00c7A O SAL\u00c3O DIVA DO MIX BEAUTY &#038; SPA"},"content":{"rendered":"<div class=\"xdj266r x14z9mp xat24cr x1lziwak x1vvkbs x126k92a\">\n<div dir=\"auto\">O Segredo Mais Bem Guardado de Dias d\u2019\u00c1vila: Conhe\u00e7a o Sal\u00e3o Diva do Mix Beauty &amp; SPA<\/div>\n<\/div>\n<div class=\"x14z9mp xat24cr x1lziwak x1vvkbs xtlvy1s x126k92a\">\n<div dir=\"auto\">Voc\u00ea j\u00e1 sentiu que cuidar da sua beleza \u00e0s vezes parece um luxo inalcan\u00e7\u00e1vel? Prepare-se para mudar sua percep\u00e7\u00e3o. No cora\u00e7\u00e3o de Dias d\u2019\u00c1vila, um movimento de beleza consciente e acess\u00edvel est\u00e1 transformando sextas-feiras comuns em experi\u00eancias dignas de cinema.<\/div>\n<\/div>\n<div class=\"x14z9mp xat24cr x1lziwak x1vvkbs xtlvy1s x126k92a\">\n<div dir=\"auto\">O Sal\u00e3o Diva do Mix Beauty &amp; SPA, localizado no Centro Universit\u00e1rio Instituto Mix, n\u00e3o \u00e9 apenas um espa\u00e7o de est\u00e9tica; \u00e9 um projeto dedicado \u00e0 democratiza\u00e7\u00e3o da autoestima.<\/div>\n<\/div>\n<div class=\"x14z9mp xat24cr x1lziwak x1vvkbs xtlvy1s x126k92a\">\n<div dir=\"auto\"><strong>Beleza Consciente e Profissional<\/strong><\/div>\n<div dir=\"auto\">O diferencial come\u00e7a na escolha do que toca sua pele e seus fios. O Diva do Mix utiliza exclusivamente produtos veganos e de linha profissional. Isso significa que voc\u00ea recebe um tratamento \u00e9tico, de alta performance e livre de crueldade, executado por profissionais que est\u00e3o no topo das tend\u00eancias e atualiza\u00e7\u00f5es do mercado da beleza, rec\u00e9m atualizados e certificados!<\/div>\n<\/div>\n<div class=\"x14z9mp xat24cr x1lziwak x1vvkbs xtlvy1s x126k92a\">\n<div dir=\"auto\"><strong>Um card\u00e1pio de transforma\u00e7\u00e3o<\/strong><\/div>\n<div dir=\"auto\">Seja para uma renova\u00e7\u00e3o r\u00e1pida ou uma mudan\u00e7a radical, o mix de servi\u00e7os \u00e9 completo:<\/div>\n<\/div>\n<div class=\"x14z9mp xat24cr x1lziwak x1vvkbs xtlvy1s x126k92a\">\n<div dir=\"auto\">-Cabelos, Rosto e Est\u00e9tica, M\u00e3os e P\u00e9s, Corte e Penteados, Design de Sobrancelhas, Manicure e Pedicure, Escova e Selagem, Limpeza de Pele, SPA dos P\u00e9s, Luzes e Botox, Massagem Facial e Reconstru\u00e7\u00e3o Capilar<\/div>\n<\/div>\n<div class=\"x14z9mp xat24cr x1lziwak x1vvkbs xtlvy1s x126k92a\">\n<div dir=\"auto\"><strong>O Luxo que Cabe no seu Bolso<\/strong><\/div>\n<div dir=\"auto\">O grande magnetismo do Diva do Mix est\u00e1 no seu prop\u00f3sito: elevar a autoestima sem pesar no or\u00e7amento. Com pre\u00e7os significativamente abaixo da m\u00e9dia do mercado, o sal\u00e3o prova que qualidade premium n\u00e3o precisa custar uma fortuna.<\/div>\n<\/div>\n<div class=\"x14z9mp xat24cr x1lziwak x1vvkbs xtlvy1s x126k92a\">\n<div dir=\"auto\"><strong>&#8220;Porque voc\u00ea pode ficar deslumbrante investindo pouco!&#8221;<\/strong><\/div>\n<div dir=\"auto\">Este \u00e9 o lema que guia cada atendimento.<\/div>\n<\/div>\n<div class=\"x14z9mp xat24cr x1lziwak x1vvkbs xtlvy1s x126k92a\">\n<div dir=\"auto\">A equipe \u00e9 gerida pela Hair Stylist Rute Alves que tem uma vasta experi\u00eancia e reconhecimento na \u00e1rea da Beleza na Bahia.<\/div>\n<div dir=\"auto\">As profissionais Elis\u00e2ngela Silva e Rafaela Sena comp\u00f5e a equipe de Cabeleireiro e Est\u00e9tica enquanto Ednilza Matos toma conta da sa\u00fade das unhas!<\/div>\n<\/div>\n<div class=\"x14z9mp xat24cr x1lziwak x1vvkbs xtlvy1s x126k92a\">\n<div dir=\"auto\"><strong>Programe sua Visita<\/strong><\/div>\n<div dir=\"auto\">As portas se abrem para a comunidade apenas uma vez por semana, criando uma atmosfera de exclusividade e cuidado intenso.<\/div>\n<\/div>\n<div class=\"x14z9mp xat24cr x1lziwak x1vvkbs xtlvy1s x126k92a\">\n<div dir=\"auto\">Quando: Todas as sextas-feiras.<\/div>\n<div dir=\"auto\">Hor\u00e1rio: Das 09:00 \u00e0s 18:00.<\/div>\n<div dir=\"auto\">Onde: Rua Raimundo da Concei\u00e7\u00e3o Tabireza, 130, 1\u00b0 andar, Centro \u2013 Dias d\u2019\u00c1vila (Instituto Mix).<\/div>\n<div dir=\"auto\">Aten\u00e7\u00e3o: Os atendimentos s\u00e3o realizados apenas via agendamento pr\u00e9vio atrav\u00e9s do Whatsapp (71) 99184-2276<\/div>\n<div dir=\"auto\">Como os pre\u00e7os s\u00e3o irresist\u00edveis e a qualidade \u00e9 alta, as vagas costumam esgotar rapidamente!<\/div>\n<\/div>\n<div class=\"x14z9mp xat24cr x1lziwak x1vvkbs xtlvy1s x126k92a\">\n<div dir=\"auto\">N\u00e3o deixe sua beleza para depois. Permita-se o toque de mestre que voc\u00ea merece por um valor que voc\u00ea pode pagar e sair pronto pra qualquer ocasi\u00e3o!<\/div>\n<\/div>\n<h3>Related Images:<\/h3>","protected":false},"excerpt":{"rendered":"<p>O Segredo Mais Bem Guardado de Dias d\u2019\u00c1vila: Conhe\u00e7a o Sal\u00e3o Diva do Mix Beauty&#8230;<\/p>\n","protected":false},"author":1,"featured_media":51749,"comment_status":"closed","ping_status":"open","sticky":false,"template":"","format":"standard","meta":{"sfsi_plus_gutenberg_text_before_share":"","sfsi_plus_gutenberg_show_text_before_share":"","sfsi_plus_gutenberg_icon_type":"","sfsi_plus_gutenberg_icon_alignemt":"","sfsi_plus_gutenburg_max_per_row":"","_exactmetrics_skip_tracking":false,"_exactmetrics_sitenote_active":false,"_exactmetrics_sitenote_note":"","_exactmetrics_sitenote_category":0,"ngg_post_thumbnail":0,"footnotes":""},"categories":[5],"tags":[],"class_list":["post-51747","post","type-post","status-publish","format-standard","has-post-thumbnail","hentry","category-destaques"],"_links":{"self":[{"href":"https:\/\/www.diasdavilaacontece.com\/index.php?rest_route=\/wp\/v2\/posts\/51747","targetHints":{"allow":["GET"]}}],"collection":[{"href":"https:\/\/www.diasdavilaacontece.com\/index.php?rest_route=\/wp\/v2\/posts"}],"about":[{"href":"https:\/\/www.diasdavilaacontece.com\/index.php?rest_route=\/wp\/v2\/types\/post"}],"author":[{"embeddable":true,"href":"https:\/\/www.diasdavilaacontece.com\/index.php?rest_route=\/wp\/v2\/users\/1"}],"replies":[{"embeddable":true,"href":"https:\/\/www.diasdavilaacontece.com\/index.php?rest_route=%2Fwp%2Fv2%2Fcomments&post=51747"}],"version-history":[{"count":1,"href":"https:\/\/www.diasdavilaacontece.com\/index.php?rest_route=\/wp\/v2\/posts\/51747\/revisions"}],"predecessor-version":[{"id":51750,"href":"https:\/\/www.diasdavilaacontece.com\/index.php?rest_route=\/wp\/v2\/posts\/51747\/revisions\/51750"}],"wp:featuredmedia":[{"embeddable":true,"href":"https:\/\/www.diasdavilaacontece.com\/index.php?rest_route=\/wp\/v2\/media\/51749"}],"wp:attachment":[{"href":"https:\/\/www.diasdavilaacontece.com\/index.php?rest_route=%2Fwp%2Fv2%2Fmedia&parent=51747"}],"wp:term":[{"taxonomy":"category","embeddable":true,"href":"https:\/\/www.diasdavilaacontece.com\/index.php?rest_route=%2Fwp%2Fv2%2Fcategories&post=51747"},{"taxonomy":"post_tag","embeddable":true,"href":"https:\/\/www.diasdavilaacontece.com\/index.php?rest_route=%2Fwp%2Fv2%2Ftags&post=51747"}],"curies":[{"name":"wp","href":"https:\/\/api.w.org\/{rel}","templated":true}]}}