{"id":51752,"date":"2026-03-08T12:57:42","date_gmt":"2026-03-08T12:57:42","guid":{"rendered":"https:\/\/www.diasdavilaacontece.com\/?p=51752"},"modified":"2026-03-08T12:57:42","modified_gmt":"2026-03-08T12:57:42","slug":"professora-maria-imperatriz-enaltece-o-dia-internacional-da-mulher","status":"publish","type":"post","link":"https:\/\/www.diasdavilaacontece.com\/?p=51752","title":{"rendered":"PROFESSORA MARIA IMPERATRIZ ENALTECE O DIA INTERNACIONAL DA MULHER"},"content":{"rendered":"<p data-start=\"0\" data-end=\"535\">Celebrado em diversos pa\u00edses, o <span class=\"hover:entity-accent entity-underline inline cursor-pointer align-baseline\"><span class=\"whitespace-normal\">Dia Internacional da Mulher<\/span><\/span>, lembrado em 8 de mar\u00e7o, \u00e9 uma data marcada pela reflex\u00e3o sobre a luta hist\u00f3rica das mulheres por igualdade de direitos, respeito e reconhecimento em todos os espa\u00e7os da sociedade. A data possui grande significado no <span class=\"hover:entity-accent entity-underline inline cursor-pointer align-baseline\"><span class=\"whitespace-normal\">Brasil<\/span><\/span> e em todo o mundo, simbolizando conquistas importantes alcan\u00e7adas ao longo das d\u00e9cadas e refor\u00e7ando a necessidade de continuar avan\u00e7ando na valoriza\u00e7\u00e3o da presen\u00e7a feminina na vida social, econ\u00f4mica e pol\u00edtica.<\/p>\n<p data-start=\"537\" data-end=\"1019\">Em <span class=\"hover:entity-accent entity-underline inline cursor-pointer align-baseline\"><span class=\"whitespace-normal\">Dias d&#8217;\u00c1vila<\/span><\/span>, a professora Maria Imperatriz destacou a import\u00e2ncia do momento para reconhecer o papel fundamental das mulheres na constru\u00e7\u00e3o e no desenvolvimento da cidade. Educadora e atuante em iniciativas voltadas \u00e0 comunidade, ela ressaltou que as mulheres diasdavilenses t\u00eam presen\u00e7a decisiva em diversas \u00e1reas da sociedade, contribuindo diariamente para o fortalecimento das fam\u00edlias, da educa\u00e7\u00e3o, do trabalho e das atividades sociais do munic\u00edpio.<\/p>\n<p data-start=\"1021\" data-end=\"1445\">Para a professora, o <span class=\"hover:entity-accent entity-underline inline cursor-pointer align-baseline\"><span class=\"whitespace-normal\">Dia Internacional da Mulher<\/span><\/span> tamb\u00e9m \u00e9 uma oportunidade de reafirmar o compromisso com a\u00e7\u00f5es e projetos que valorizem e ampliem o espa\u00e7o das mulheres na sociedade. Segundo ela, as iniciativas e projetos que desenvolve permanecem abertos \u00e0 participa\u00e7\u00e3o feminina, reconhecendo a for\u00e7a, a criatividade e a capacidade de lideran\u00e7a das mulheres na constru\u00e7\u00e3o de uma cidade mais justa e participativa.<\/p>\n<p data-start=\"1447\" data-end=\"1941\">Maria Imperatriz tamb\u00e9m deixou uma mensagem especial \u00e0s mulheres do munic\u00edpio. \u201cNeste 8 de mar\u00e7o, quero parabenizar todas as mulheres de <span class=\"hover:entity-accent entity-underline inline cursor-pointer align-baseline\"><span class=\"whitespace-normal\">Dias d&#8217;\u00c1vila<\/span><\/span>, especialmente aquelas que fazem parte da minha caminhada e da minha conviv\u00eancia: minha m\u00e3e, minhas familiares, amigas, colegas de trabalho, alunas e todas as mulheres que tenho a alegria de conhecer. Cada mulher diasdavilense carrega uma hist\u00f3ria de luta, coragem e dedica\u00e7\u00e3o que merece ser reconhecida todos os dias.\u201d<\/p>\n<p data-start=\"1943\" data-end=\"2250\">A educadora ressaltou ainda que seguir\u00e1 incentivando iniciativas que fortale\u00e7am a presen\u00e7a feminina na educa\u00e7\u00e3o, na comunidade e nas atividades sociais da cidade, destacando que reconhecer a import\u00e2ncia da mulher \u00e9 tamb\u00e9m investir no desenvolvimento humano e social de <span class=\"hover:entity-accent entity-underline inline cursor-pointer align-baseline\"><span class=\"whitespace-normal\">Dias d&#8217;\u00c1vila<\/span><\/span>.<\/p>\n<h3>Related Images:<\/h3>","protected":false},"excerpt":{"rendered":"<p>Celebrado em diversos pa\u00edses, o Dia Internacional da Mulher, lembrado em 8 de mar\u00e7o, \u00e9&#8230;<\/p>\n","protected":false},"author":1,"featured_media":51753,"comment_status":"closed","ping_status":"open","sticky":false,"template":"","format":"standard","meta":{"sfsi_plus_gutenberg_text_before_share":"","sfsi_plus_gutenberg_show_text_before_share":"","sfsi_plus_gutenberg_icon_type":"","sfsi_plus_gutenberg_icon_alignemt":"","sfsi_plus_gutenburg_max_per_row":"","_exactmetrics_skip_tracking":false,"_exactmetrics_sitenote_active":false,"_exactmetrics_sitenote_note":"","_exactmetrics_sitenote_category":0,"ngg_post_thumbnail":0,"footnotes":""},"categories":[56],"tags":[],"class_list":["post-51752","post","type-post","status-publish","format-standard","has-post-thumbnail","hentry","category-dias-davila"],"_links":{"self":[{"href":"https:\/\/www.diasdavilaacontece.com\/index.php?rest_route=\/wp\/v2\/posts\/51752","targetHints":{"allow":["GET"]}}],"collection":[{"href":"https:\/\/www.diasdavilaacontece.com\/index.php?rest_route=\/wp\/v2\/posts"}],"about":[{"href":"https:\/\/www.diasdavilaacontece.com\/index.php?rest_route=\/wp\/v2\/types\/post"}],"author":[{"embeddable":true,"href":"https:\/\/www.diasdavilaacontece.com\/index.php?rest_route=\/wp\/v2\/users\/1"}],"replies":[{"embeddable":true,"href":"https:\/\/www.diasdavilaacontece.com\/index.php?rest_route=%2Fwp%2Fv2%2Fcomments&post=51752"}],"version-history":[{"count":1,"href":"https:\/\/www.diasdavilaacontece.com\/index.php?rest_route=\/wp\/v2\/posts\/51752\/revisions"}],"predecessor-version":[{"id":51754,"href":"https:\/\/www.diasdavilaacontece.com\/index.php?rest_route=\/wp\/v2\/posts\/51752\/revisions\/51754"}],"wp:featuredmedia":[{"embeddable":true,"href":"https:\/\/www.diasdavilaacontece.com\/index.php?rest_route=\/wp\/v2\/media\/51753"}],"wp:attachment":[{"href":"https:\/\/www.diasdavilaacontece.com\/index.php?rest_route=%2Fwp%2Fv2%2Fmedia&parent=51752"}],"wp:term":[{"taxonomy":"category","embeddable":true,"href":"https:\/\/www.diasdavilaacontece.com\/index.php?rest_route=%2Fwp%2Fv2%2Fcategories&post=51752"},{"taxonomy":"post_tag","embeddable":true,"href":"https:\/\/www.diasdavilaacontece.com\/index.php?rest_route=%2Fwp%2Fv2%2Ftags&post=51752"}],"curies":[{"name":"wp","href":"https:\/\/api.w.org\/{rel}","templated":true}]}}