{"id":51755,"date":"2026-03-08T13:02:28","date_gmt":"2026-03-08T13:02:28","guid":{"rendered":"https:\/\/www.diasdavilaacontece.com\/?p=51755"},"modified":"2026-03-08T13:02:28","modified_gmt":"2026-03-08T13:02:28","slug":"dr-yang-fala-sobre-cuidados-da-saude-da-mulher-no-dia-internacional-da-mulher","status":"publish","type":"post","link":"https:\/\/www.diasdavilaacontece.com\/?p=51755","title":{"rendered":"DR YANG FALA SOBRE CUIDADOS DA SA\u00daDE DA MULHER NO DIA INTERNACIONAL DA MULHER"},"content":{"rendered":"<p data-start=\"0\" data-end=\"390\">O <span class=\"hover:entity-accent entity-underline inline cursor-pointer align-baseline\"><span class=\"whitespace-normal\">Dia Internacional da Mulher<\/span><\/span>, celebrado em 8 de mar\u00e7o, \u00e9 um momento de reconhecimento \u00e0 for\u00e7a, \u00e0 dedica\u00e7\u00e3o e \u00e0s conquistas das mulheres em todo o mundo. Segundo Dr Yang da Clisanna, a data tamb\u00e9m serve como um alerta importante sobre a necessidade de cuidados com a sa\u00fade feminina, tema que ganha cada vez mais destaque diante dos desafios e doen\u00e7as que t\u00eam impactado a vida das mulheres nas \u00faltimas d\u00e9cadas.<\/p>\n<p data-start=\"392\" data-end=\"895\">De acordo com o <span class=\"hover:entity-accent entity-underline inline cursor-pointer align-baseline\"><span class=\"whitespace-normal\">Minist\u00e9rio da Sa\u00fade do Brasil<\/span><\/span> e com dados do <span class=\"hover:entity-accent entity-underline inline cursor-pointer align-baseline\"><span class=\"whitespace-normal\">Instituto Nacional de C\u00e2ncer (INCA)<\/span><\/span>, o c\u00e2ncer de mama continua sendo o tipo de c\u00e2ncer mais incidente entre mulheres no pa\u00eds, com estimativa de cerca de <strong data-start=\"615\" data-end=\"645\">73.610 novos casos por ano<\/strong> no Brasil. Al\u00e9m disso, somente em 2023 foram registrados <strong data-start=\"703\" data-end=\"750\">mais de 20 mil \u00f3bitos relacionados \u00e0 doen\u00e7a<\/strong>, refor\u00e7ando a import\u00e2ncia do diagn\u00f3stico precoce e da realiza\u00e7\u00e3o de exames peri\u00f3dicos como a mamografia.<\/p>\n<p data-start=\"897\" data-end=\"1231\">Outro problema relevante \u00e9 o c\u00e2ncer do colo do \u00fatero, considerado um dos tumores mais comuns entre mulheres no mundo. No Brasil, a estimativa \u00e9 de aproximadamente <strong data-start=\"1060\" data-end=\"1090\">17 mil novos casos por ano<\/strong>, o que evidencia a import\u00e2ncia de exames preventivos como o Papanicolau e da vacina\u00e7\u00e3o contra o HPV.<\/p>\n<p data-start=\"1233\" data-end=\"1652\">Dr Yang tamb\u00e9m enfatiza, que, al\u00e9m das doen\u00e7as f\u00edsicas, especialistas tamb\u00e9m chamam aten\u00e7\u00e3o para os impactos do estilo de vida moderno na sa\u00fade feminina. O aumento do estresse emocional, da ansiedade e do sedentarismo \u2014 muitas vezes associados ao excesso de tempo em telas, redes sociais e at\u00e9 jogos online \u2014 tem contribu\u00eddo para quadros de esgotamento mental, dist\u00farbios do sono e problemas hormonais, afetando diretamente o bem-estar das mulheres.<\/p>\n<p data-start=\"1654\" data-end=\"1972\">Para o m\u00e9dico Dr. Yang Fonseca, da <span class=\"hover:entity-accent entity-underline inline cursor-pointer align-baseline\"><span class=\"whitespace-normal\">Clisanna Cl\u00ednica M\u00e9dica<\/span><\/span>, o 8 de mar\u00e7o deve ser tamb\u00e9m um convite \u00e0 reflex\u00e3o sobre o autocuidado e a preven\u00e7\u00e3o. Segundo ele, a rotina acelerada faz com que muitas mulheres deixem a pr\u00f3pria sa\u00fade em segundo plano, o que pode trazer consequ\u00eancias s\u00e9rias ao longo do tempo.<\/p>\n<p data-start=\"1974\" data-end=\"2340\">\u201cMais do que uma data de homenagens, o Dia da Mulher deve ser um lembrete de que cuidar da sa\u00fade \u00e9 um ato de amor-pr\u00f3prio. A mulher precisa reservar tempo para exames preventivos, acompanhamento m\u00e9dico e tamb\u00e9m para cuidar da sa\u00fade emocional. Quando a mulher se cuida, ela fortalece n\u00e3o apenas a si mesma, mas toda a fam\u00edlia e a sociedade\u201d, afirmou Dr. Yang Fonseca.<\/p>\n<p data-start=\"2342\" data-end=\"2660\">O m\u00e9dico refor\u00e7a que atitudes simples podem fazer grande diferen\u00e7a na qualidade de vida feminina, como manter uma alimenta\u00e7\u00e3o equilibrada, praticar atividades f\u00edsicas, realizar exames preventivos regularmente e buscar apoio profissional sempre que perceber sinais de estresse excessivo, ansiedade ou mudan\u00e7as no corpo.<\/p>\n<p data-start=\"2662\" data-end=\"2980\">Neste <span class=\"hover:entity-accent entity-underline inline cursor-pointer align-baseline\"><span class=\"whitespace-normal\">Dia Internacional da Mulher<\/span><\/span>, a mensagem deixada por Dr. Yang Fonseca \u00e9 de reconhecimento e valoriza\u00e7\u00e3o: \u201cParabenizo todas as mulheres pela for\u00e7a, sensibilidade e coragem com que enfrentam os desafios do dia a dia. Que cada mulher se lembre de que cuidar da pr\u00f3pria sa\u00fade \u00e9 um direito e uma prioridade.\u201d<\/p>\n<h3>Related Images:<\/h3>","protected":false},"excerpt":{"rendered":"<p>O Dia Internacional da Mulher, celebrado em 8 de mar\u00e7o, \u00e9 um momento de reconhecimento&#8230;<\/p>\n","protected":false},"author":1,"featured_media":51756,"comment_status":"closed","ping_status":"open","sticky":false,"template":"","format":"standard","meta":{"sfsi_plus_gutenberg_text_before_share":"","sfsi_plus_gutenberg_show_text_before_share":"","sfsi_plus_gutenberg_icon_type":"","sfsi_plus_gutenberg_icon_alignemt":"","sfsi_plus_gutenburg_max_per_row":"","_exactmetrics_skip_tracking":false,"_exactmetrics_sitenote_active":false,"_exactmetrics_sitenote_note":"","_exactmetrics_sitenote_category":0,"ngg_post_thumbnail":0,"footnotes":""},"categories":[56],"tags":[],"class_list":["post-51755","post","type-post","status-publish","format-standard","has-post-thumbnail","hentry","category-dias-davila"],"_links":{"self":[{"href":"https:\/\/www.diasdavilaacontece.com\/index.php?rest_route=\/wp\/v2\/posts\/51755","targetHints":{"allow":["GET"]}}],"collection":[{"href":"https:\/\/www.diasdavilaacontece.com\/index.php?rest_route=\/wp\/v2\/posts"}],"about":[{"href":"https:\/\/www.diasdavilaacontece.com\/index.php?rest_route=\/wp\/v2\/types\/post"}],"author":[{"embeddable":true,"href":"https:\/\/www.diasdavilaacontece.com\/index.php?rest_route=\/wp\/v2\/users\/1"}],"replies":[{"embeddable":true,"href":"https:\/\/www.diasdavilaacontece.com\/index.php?rest_route=%2Fwp%2Fv2%2Fcomments&post=51755"}],"version-history":[{"count":1,"href":"https:\/\/www.diasdavilaacontece.com\/index.php?rest_route=\/wp\/v2\/posts\/51755\/revisions"}],"predecessor-version":[{"id":51758,"href":"https:\/\/www.diasdavilaacontece.com\/index.php?rest_route=\/wp\/v2\/posts\/51755\/revisions\/51758"}],"wp:featuredmedia":[{"embeddable":true,"href":"https:\/\/www.diasdavilaacontece.com\/index.php?rest_route=\/wp\/v2\/media\/51756"}],"wp:attachment":[{"href":"https:\/\/www.diasdavilaacontece.com\/index.php?rest_route=%2Fwp%2Fv2%2Fmedia&parent=51755"}],"wp:term":[{"taxonomy":"category","embeddable":true,"href":"https:\/\/www.diasdavilaacontece.com\/index.php?rest_route=%2Fwp%2Fv2%2Fcategories&post=51755"},{"taxonomy":"post_tag","embeddable":true,"href":"https:\/\/www.diasdavilaacontece.com\/index.php?rest_route=%2Fwp%2Fv2%2Ftags&post=51755"}],"curies":[{"name":"wp","href":"https:\/\/api.w.org\/{rel}","templated":true}]}}