{"id":51759,"date":"2026-03-08T13:05:27","date_gmt":"2026-03-08T13:05:27","guid":{"rendered":"https:\/\/www.diasdavilaacontece.com\/?p=51759"},"modified":"2026-03-08T13:05:27","modified_gmt":"2026-03-08T13:05:27","slug":"vereador-junior-do-requeijao-celebra-o-dia-internacional-da-mulher","status":"publish","type":"post","link":"https:\/\/www.diasdavilaacontece.com\/?p=51759","title":{"rendered":"VEREADOR J\u00daNIOR DO REQUEIJ\u00c3O CELEBRA O DIA INTERNACIONAL DA MULHER"},"content":{"rendered":"<p data-start=\"0\" data-end=\"534\">Celebrado em diversos pa\u00edses, o <span class=\"hover:entity-accent entity-underline inline cursor-pointer align-baseline\"><span class=\"whitespace-normal\">Dia Internacional da Mulher<\/span><\/span>, lembrado em 8 de mar\u00e7o, representa um marco na luta hist\u00f3rica das mulheres por igualdade, respeito e reconhecimento em todos os espa\u00e7os da sociedade. A data, amplamente celebrada no <span class=\"hover:entity-accent entity-underline inline cursor-pointer align-baseline\"><span class=\"whitespace-normal\">Brasil<\/span><\/span> e em diferentes partes do mundo, tamb\u00e9m \u00e9 um momento de reflex\u00e3o sobre as conquistas femininas ao longo das d\u00e9cadas e sobre a necessidade de ampliar cada vez mais as oportunidades e a valoriza\u00e7\u00e3o da mulher na vida social, pol\u00edtica e econ\u00f4mica.<\/p>\n<p data-start=\"536\" data-end=\"1018\">Em <span class=\"hover:entity-accent entity-underline inline cursor-pointer align-baseline\"><span class=\"whitespace-normal\">Dias d&#8217;\u00c1vila<\/span><\/span>, o vereador J\u00fanior do Requeij\u00e3o, do <span class=\"hover:entity-accent entity-underline inline cursor-pointer align-baseline\"><span class=\"whitespace-normal\">PSDB<\/span><\/span>, destacou a import\u00e2ncia da data como forma de reconhecer o papel essencial que as mulheres desempenham no desenvolvimento do munic\u00edpio. Segundo o parlamentar, as mulheres diasdavilenses contribuem diariamente para o crescimento da cidade, seja nas fam\u00edlias, no com\u00e9rcio, nas escolas, nos servi\u00e7os p\u00fablicos ou nas diversas atividades que fortalecem a vida comunit\u00e1ria.<\/p>\n<p data-start=\"1020\" data-end=\"1524\">Para o edil, o <span class=\"hover:entity-accent entity-underline inline cursor-pointer align-baseline\"><span class=\"whitespace-normal\">Dia Internacional da Mulher<\/span><\/span> tamb\u00e9m representa um momento de reafirmar o compromisso com a\u00e7\u00f5es e projetos que valorizem a presen\u00e7a feminina na sociedade. J\u00fanior do Requeij\u00e3o ressaltou que seu mandato permanece aberto \u00e0 participa\u00e7\u00e3o das mulheres da cidade, destacando que muitos dos projetos e iniciativas defendidos em sua atua\u00e7\u00e3o pol\u00edtica passam diretamente pela valoriza\u00e7\u00e3o da atividade feminina e pelo fortalecimento do papel da mulher em <span class=\"hover:entity-accent entity-underline inline cursor-pointer align-baseline\"><span class=\"whitespace-normal\">Dias d&#8217;\u00c1vila<\/span><\/span>.<\/p>\n<p data-start=\"1526\" data-end=\"2010\">O vereador tamb\u00e9m deixou uma mensagem especial \u00e0s mulheres do munic\u00edpio. \u201cNeste 8 de mar\u00e7o, quero parabenizar todas as mulheres de <span class=\"hover:entity-accent entity-underline inline cursor-pointer align-baseline\"><span class=\"whitespace-normal\">Dias d&#8217;\u00c1vila<\/span><\/span>, em especial aquelas que fazem parte da minha vida e da minha caminhada: minha m\u00e3e, minhas familiares, amigas, assessoras e todas as mulheres que tenho o privil\u00e9gio de conhecer. Voc\u00eas s\u00e3o exemplo de for\u00e7a, dedica\u00e7\u00e3o e coragem e merecem todo reconhecimento pelo papel fundamental que desempenham em nossa sociedade.\u201d<\/p>\n<p data-start=\"2012\" data-end=\"2353\">J\u00fanior do Requeij\u00e3o destacou ainda que continuar\u00e1 trabalhando para fortalecer iniciativas que ampliem a participa\u00e7\u00e3o e a valoriza\u00e7\u00e3o das mulheres no munic\u00edpio, refor\u00e7ando que reconhecer a import\u00e2ncia feminina \u00e9 tamb\u00e9m investir em um futuro mais justo, humano e desenvolvido para <span class=\"hover:entity-accent entity-underline inline cursor-pointer align-baseline\"><span class=\"whitespace-normal\">Dias d&#8217;\u00c1vila<\/span><\/span> e para toda a sociedade.<\/p>\n<h3>Related Images:<\/h3>","protected":false},"excerpt":{"rendered":"<p>Celebrado em diversos pa\u00edses, o Dia Internacional da Mulher, lembrado em 8 de mar\u00e7o, representa&#8230;<\/p>\n","protected":false},"author":1,"featured_media":51760,"comment_status":"closed","ping_status":"open","sticky":false,"template":"","format":"standard","meta":{"sfsi_plus_gutenberg_text_before_share":"","sfsi_plus_gutenberg_show_text_before_share":"","sfsi_plus_gutenberg_icon_type":"","sfsi_plus_gutenberg_icon_alignemt":"","sfsi_plus_gutenburg_max_per_row":"","_exactmetrics_skip_tracking":false,"_exactmetrics_sitenote_active":false,"_exactmetrics_sitenote_note":"","_exactmetrics_sitenote_category":0,"ngg_post_thumbnail":0,"footnotes":""},"categories":[5],"tags":[],"class_list":["post-51759","post","type-post","status-publish","format-standard","has-post-thumbnail","hentry","category-destaques"],"_links":{"self":[{"href":"https:\/\/www.diasdavilaacontece.com\/index.php?rest_route=\/wp\/v2\/posts\/51759","targetHints":{"allow":["GET"]}}],"collection":[{"href":"https:\/\/www.diasdavilaacontece.com\/index.php?rest_route=\/wp\/v2\/posts"}],"about":[{"href":"https:\/\/www.diasdavilaacontece.com\/index.php?rest_route=\/wp\/v2\/types\/post"}],"author":[{"embeddable":true,"href":"https:\/\/www.diasdavilaacontece.com\/index.php?rest_route=\/wp\/v2\/users\/1"}],"replies":[{"embeddable":true,"href":"https:\/\/www.diasdavilaacontece.com\/index.php?rest_route=%2Fwp%2Fv2%2Fcomments&post=51759"}],"version-history":[{"count":1,"href":"https:\/\/www.diasdavilaacontece.com\/index.php?rest_route=\/wp\/v2\/posts\/51759\/revisions"}],"predecessor-version":[{"id":51761,"href":"https:\/\/www.diasdavilaacontece.com\/index.php?rest_route=\/wp\/v2\/posts\/51759\/revisions\/51761"}],"wp:featuredmedia":[{"embeddable":true,"href":"https:\/\/www.diasdavilaacontece.com\/index.php?rest_route=\/wp\/v2\/media\/51760"}],"wp:attachment":[{"href":"https:\/\/www.diasdavilaacontece.com\/index.php?rest_route=%2Fwp%2Fv2%2Fmedia&parent=51759"}],"wp:term":[{"taxonomy":"category","embeddable":true,"href":"https:\/\/www.diasdavilaacontece.com\/index.php?rest_route=%2Fwp%2Fv2%2Fcategories&post=51759"},{"taxonomy":"post_tag","embeddable":true,"href":"https:\/\/www.diasdavilaacontece.com\/index.php?rest_route=%2Fwp%2Fv2%2Ftags&post=51759"}],"curies":[{"name":"wp","href":"https:\/\/api.w.org\/{rel}","templated":true}]}}