{"id":51779,"date":"2026-03-10T11:26:36","date_gmt":"2026-03-10T11:26:36","guid":{"rendered":"https:\/\/www.diasdavilaacontece.com\/?p=51779"},"modified":"2026-03-10T11:26:36","modified_gmt":"2026-03-10T11:26:36","slug":"corpo-decapitado-e-encontrado-na-estrada-da-biribeira-na-segunda-feira-9","status":"publish","type":"post","link":"https:\/\/www.diasdavilaacontece.com\/?p=51779","title":{"rendered":"CORPO DECAPITADO \u00c9 ENCONTRADO NA ESTRADA DA BIRIBEIRA NA SEGUNDA-FEIRA (9)"},"content":{"rendered":"<p>Um corpo decapitado foi encontrado na manh\u00e3 desta segunda-feira (9), na Estrada da Biribeira. A suspeita \u00e9 de que o corpo seja do jovem Guilherme Victor, de 21 anos, que estava desaparecido ap\u00f3s um sequestro ocorrido no fim de fevereiro, em Cama\u00e7ari. Conforme &nbsp;relatos de familiares, Guilherme Victor foi levado por homens armados no dia 28 de fevereiro, no bairro Nova Vit\u00f3ria e desde ent\u00e3o, parentes e amigos realizavam buscas e mobiliza\u00e7\u00f5es nas redes sociais em busca de informa\u00e7\u00f5es sobre o paradeiro do jovem.<\/p>\n<p>Ap\u00f3s a descoberta do corpo na regi\u00e3o da Biribeira, familiares foram at\u00e9 o local e afirmaram acreditar que o cad\u00e1ver seja do jovem desaparecido. A identifica\u00e7\u00e3o oficial, no entanto, depende de exames periciais que devem ser realizados pelo Departamento de Pol\u00edcia T\u00e9cnica (DPT).<\/p>\n<p>O caso est\u00e1 sendo investigado pela Pol\u00edcia Civil, que tamb\u00e9m apura as circunst\u00e2ncias do sequestro e a poss\u00edvel rela\u00e7\u00e3o entre o desaparecimento e a morte do jovem.<\/p>\n<p>Nos \u00faltimos dias, o desaparecimento de Guilherme Victor ganhou grande repercuss\u00e3o na regi\u00e3o, principalmente ap\u00f3s a divulga\u00e7\u00e3o de imagens que mostram o momento em que ele teria sido sequestrado dentro de uma oficina em Cama\u00e7ari.<\/p>\n<h3>Related Images:<\/h3>","protected":false},"excerpt":{"rendered":"<p>Um corpo decapitado foi encontrado na manh\u00e3 desta segunda-feira (9), na Estrada da Biribeira. A&#8230;<\/p>\n","protected":false},"author":1,"featured_media":51780,"comment_status":"closed","ping_status":"open","sticky":false,"template":"","format":"standard","meta":{"sfsi_plus_gutenberg_text_before_share":"","sfsi_plus_gutenberg_show_text_before_share":"","sfsi_plus_gutenberg_icon_type":"","sfsi_plus_gutenberg_icon_alignemt":"","sfsi_plus_gutenburg_max_per_row":"","_exactmetrics_skip_tracking":false,"_exactmetrics_sitenote_active":false,"_exactmetrics_sitenote_note":"","_exactmetrics_sitenote_category":0,"ngg_post_thumbnail":0,"footnotes":""},"categories":[5],"tags":[],"class_list":["post-51779","post","type-post","status-publish","format-standard","has-post-thumbnail","hentry","category-destaques"],"_links":{"self":[{"href":"https:\/\/www.diasdavilaacontece.com\/index.php?rest_route=\/wp\/v2\/posts\/51779","targetHints":{"allow":["GET"]}}],"collection":[{"href":"https:\/\/www.diasdavilaacontece.com\/index.php?rest_route=\/wp\/v2\/posts"}],"about":[{"href":"https:\/\/www.diasdavilaacontece.com\/index.php?rest_route=\/wp\/v2\/types\/post"}],"author":[{"embeddable":true,"href":"https:\/\/www.diasdavilaacontece.com\/index.php?rest_route=\/wp\/v2\/users\/1"}],"replies":[{"embeddable":true,"href":"https:\/\/www.diasdavilaacontece.com\/index.php?rest_route=%2Fwp%2Fv2%2Fcomments&post=51779"}],"version-history":[{"count":1,"href":"https:\/\/www.diasdavilaacontece.com\/index.php?rest_route=\/wp\/v2\/posts\/51779\/revisions"}],"predecessor-version":[{"id":51781,"href":"https:\/\/www.diasdavilaacontece.com\/index.php?rest_route=\/wp\/v2\/posts\/51779\/revisions\/51781"}],"wp:featuredmedia":[{"embeddable":true,"href":"https:\/\/www.diasdavilaacontece.com\/index.php?rest_route=\/wp\/v2\/media\/51780"}],"wp:attachment":[{"href":"https:\/\/www.diasdavilaacontece.com\/index.php?rest_route=%2Fwp%2Fv2%2Fmedia&parent=51779"}],"wp:term":[{"taxonomy":"category","embeddable":true,"href":"https:\/\/www.diasdavilaacontece.com\/index.php?rest_route=%2Fwp%2Fv2%2Fcategories&post=51779"},{"taxonomy":"post_tag","embeddable":true,"href":"https:\/\/www.diasdavilaacontece.com\/index.php?rest_route=%2Fwp%2Fv2%2Ftags&post=51779"}],"curies":[{"name":"wp","href":"https:\/\/api.w.org\/{rel}","templated":true}]}}