{"id":51782,"date":"2026-03-10T11:34:11","date_gmt":"2026-03-10T11:34:11","guid":{"rendered":"https:\/\/www.diasdavilaacontece.com\/?p=51782"},"modified":"2026-03-10T11:34:11","modified_gmt":"2026-03-10T11:34:11","slug":"homem-e-preso-apos-esfaquear-pessoas-no-lessa-ribeiro-e-resistir-a-prisao","status":"publish","type":"post","link":"https:\/\/www.diasdavilaacontece.com\/?p=51782","title":{"rendered":"HOMEM \u00c9 PRESO AP\u00d3S ESFAQUEAR PESSOAS NO LESSA RIBEIRO E RESISTIR A PRIS\u00c3O"},"content":{"rendered":"<div id=\"firstHalf\">\n<p>Um homem foi preso em flagrante pela PM na noite do domingo (08), ap\u00f3s ferir pessoas utilizando armas brancas no bairro Lessa Ribeiro, em <strong>Dias d\u2019\u00c1vila<\/strong>. O <strong>agressor, que portava uma faca e um fac\u00e3o,<\/strong> foi localizado por guarni\u00e7\u00f5es da 36\u00aa CIPM na UPA, enquanto as v\u00edtimas recebiam atendimento m\u00e9dico. A ocorr\u00eancia policial teve in\u00edcio depois da PM ser informada que tanto o autor quanto as v\u00edtimas da agress\u00e3o haviam se deslocado para a Unidade de Pronto Atendimento (UPA).<\/p>\n<p>Com a chegada da PM, o suspeito foi encontrado armado e ofereceu resist\u00eancia no momento da abordagem, sendo necess\u00e1rio o uso da for\u00e7a moderada para cont\u00ea-lo. Com o mesmo, foram apreendidas as duas armas brancas utilizadas na pr\u00e1tica do crime.<\/p>\n<\/div>\n<div id=\"secondHalf\">\n<p>Ap\u00f3s a deten\u00e7\u00e3o, o suspeito e as v\u00edtimas foram conduzidos inicialmente para a 25\u00aa Delegacia Territorial (DT) de&nbsp;<strong>Dias d\u2019\u00c1vila<\/strong>. Devido \u00e0 natureza do flagrante, a ocorr\u00eancia foi transferida para a Central de Flagrantes da Regi\u00e3o Metropolitana de Salvador (RMS), onde o Auto de Pris\u00e3o em Flagrante foi lavrado.<\/p>\n<p>O agressor permanece \u00e0 disposi\u00e7\u00e3o da Justi\u00e7a e responder\u00e1 pelo crime de les\u00e3o corporal, al\u00e9m da resist\u00eancia \u00e0 pris\u00e3o.<\/p>\n<\/div>\n<h3>Related Images:<\/h3>","protected":false},"excerpt":{"rendered":"<p>Um homem foi preso em flagrante pela PM na noite do domingo (08), ap\u00f3s ferir&#8230;<\/p>\n","protected":false},"author":1,"featured_media":51385,"comment_status":"closed","ping_status":"open","sticky":false,"template":"","format":"standard","meta":{"sfsi_plus_gutenberg_text_before_share":"","sfsi_plus_gutenberg_show_text_before_share":"","sfsi_plus_gutenberg_icon_type":"","sfsi_plus_gutenberg_icon_alignemt":"","sfsi_plus_gutenburg_max_per_row":"","_exactmetrics_skip_tracking":false,"_exactmetrics_sitenote_active":false,"_exactmetrics_sitenote_note":"","_exactmetrics_sitenote_category":0,"ngg_post_thumbnail":0,"footnotes":""},"categories":[56],"tags":[],"class_list":["post-51782","post","type-post","status-publish","format-standard","has-post-thumbnail","hentry","category-dias-davila"],"_links":{"self":[{"href":"https:\/\/www.diasdavilaacontece.com\/index.php?rest_route=\/wp\/v2\/posts\/51782","targetHints":{"allow":["GET"]}}],"collection":[{"href":"https:\/\/www.diasdavilaacontece.com\/index.php?rest_route=\/wp\/v2\/posts"}],"about":[{"href":"https:\/\/www.diasdavilaacontece.com\/index.php?rest_route=\/wp\/v2\/types\/post"}],"author":[{"embeddable":true,"href":"https:\/\/www.diasdavilaacontece.com\/index.php?rest_route=\/wp\/v2\/users\/1"}],"replies":[{"embeddable":true,"href":"https:\/\/www.diasdavilaacontece.com\/index.php?rest_route=%2Fwp%2Fv2%2Fcomments&post=51782"}],"version-history":[{"count":1,"href":"https:\/\/www.diasdavilaacontece.com\/index.php?rest_route=\/wp\/v2\/posts\/51782\/revisions"}],"predecessor-version":[{"id":51783,"href":"https:\/\/www.diasdavilaacontece.com\/index.php?rest_route=\/wp\/v2\/posts\/51782\/revisions\/51783"}],"wp:featuredmedia":[{"embeddable":true,"href":"https:\/\/www.diasdavilaacontece.com\/index.php?rest_route=\/wp\/v2\/media\/51385"}],"wp:attachment":[{"href":"https:\/\/www.diasdavilaacontece.com\/index.php?rest_route=%2Fwp%2Fv2%2Fmedia&parent=51782"}],"wp:term":[{"taxonomy":"category","embeddable":true,"href":"https:\/\/www.diasdavilaacontece.com\/index.php?rest_route=%2Fwp%2Fv2%2Fcategories&post=51782"},{"taxonomy":"post_tag","embeddable":true,"href":"https:\/\/www.diasdavilaacontece.com\/index.php?rest_route=%2Fwp%2Fv2%2Ftags&post=51782"}],"curies":[{"name":"wp","href":"https:\/\/api.w.org\/{rel}","templated":true}]}}