{"id":51784,"date":"2026-03-10T11:40:33","date_gmt":"2026-03-10T11:40:33","guid":{"rendered":"https:\/\/www.diasdavilaacontece.com\/?p=51784"},"modified":"2026-03-10T11:40:33","modified_gmt":"2026-03-10T11:40:33","slug":"continental-pneus-demite-mais-de-100-trabalhadores","status":"publish","type":"post","link":"https:\/\/www.diasdavilaacontece.com\/?p=51784","title":{"rendered":"CONTINENTAL PNEUS DEMITE MAIS DE 100 TRABALHADORES"},"content":{"rendered":"<p data-start=\"271\" data-end=\"580\">A f\u00e1brica <span class=\"hover:entity-accent entity-underline inline cursor-pointer align-baseline\"><span class=\"whitespace-normal\">Continental Pneus<\/span><\/span>, instalada em&nbsp;<span class=\"hover:entity-accent entity-underline inline cursor-pointer align-baseline\"><span class=\"whitespace-normal\">Cama\u00e7ari<\/span><\/span>, demitiu cerca de 100 trabalhadores ao longo desta semana.&nbsp;Os desligamentos ocorreram em meio a um cen\u00e1rio de redu\u00e7\u00e3o no ritmo de produ\u00e7\u00e3o da empresa. Entre os fatores que influenciam a decis\u00e3o est\u00e3o a queda nas vendas no setor de pneus e o aumento da concorr\u00eancia de produtos importados no mercado brasileiro.<\/p>\n<p data-start=\"845\" data-end=\"1225\">A situa\u00e7\u00e3o tem gerado apreens\u00e3o entre os trabalhadores e tamb\u00e9m entre setores da economia local, j\u00e1 que a f\u00e1brica \u00e9 considerada uma das importantes empregadoras do Polo Industrial de&nbsp;<span class=\"hover:entity-accent entity-underline inline cursor-pointer align-baseline\"><span class=\"whitespace-normal\">Cama\u00e7ari<\/span><\/span>. Cama\u00e7ari abriga diversas ind\u00fastrias ligadas ao setor automotivo e de transforma\u00e7\u00e3o, que t\u00eam forte impacto na gera\u00e7\u00e3o de empregos e na arrecada\u00e7\u00e3o regional.<\/p>\n<p data-start=\"1227\" data-end=\"1540\" data-is-last-node=\"\" data-is-only-node=\"\">A empresa n\u00e3o divulgou os detalhes oficiais sobre poss\u00edveis novas medidas na opera\u00e7\u00e3o da unidade ou eventuais mudan\u00e7as adicionais no quadro de funcion\u00e1rios. A expectativa \u00e9 que nos pr\u00f3ximos dias haja mais esclarecimentos sobre o cen\u00e1rio da produ\u00e7\u00e3o na planta industrial.<\/p>\n<h3>Related Images:<\/h3>","protected":false},"excerpt":{"rendered":"<p>A f\u00e1brica Continental Pneus, instalada em&nbsp;Cama\u00e7ari, demitiu cerca de 100 trabalhadores ao longo desta semana.&nbsp;Os&#8230;<\/p>\n","protected":false},"author":1,"featured_media":0,"comment_status":"closed","ping_status":"open","sticky":false,"template":"","format":"standard","meta":{"sfsi_plus_gutenberg_text_before_share":"","sfsi_plus_gutenberg_show_text_before_share":"","sfsi_plus_gutenberg_icon_type":"","sfsi_plus_gutenberg_icon_alignemt":"","sfsi_plus_gutenburg_max_per_row":"","_exactmetrics_skip_tracking":false,"_exactmetrics_sitenote_active":false,"_exactmetrics_sitenote_note":"","_exactmetrics_sitenote_category":0,"ngg_post_thumbnail":0,"footnotes":""},"categories":[5],"tags":[],"class_list":["post-51784","post","type-post","status-publish","format-standard","hentry","category-destaques"],"_links":{"self":[{"href":"https:\/\/www.diasdavilaacontece.com\/index.php?rest_route=\/wp\/v2\/posts\/51784","targetHints":{"allow":["GET"]}}],"collection":[{"href":"https:\/\/www.diasdavilaacontece.com\/index.php?rest_route=\/wp\/v2\/posts"}],"about":[{"href":"https:\/\/www.diasdavilaacontece.com\/index.php?rest_route=\/wp\/v2\/types\/post"}],"author":[{"embeddable":true,"href":"https:\/\/www.diasdavilaacontece.com\/index.php?rest_route=\/wp\/v2\/users\/1"}],"replies":[{"embeddable":true,"href":"https:\/\/www.diasdavilaacontece.com\/index.php?rest_route=%2Fwp%2Fv2%2Fcomments&post=51784"}],"version-history":[{"count":1,"href":"https:\/\/www.diasdavilaacontece.com\/index.php?rest_route=\/wp\/v2\/posts\/51784\/revisions"}],"predecessor-version":[{"id":51786,"href":"https:\/\/www.diasdavilaacontece.com\/index.php?rest_route=\/wp\/v2\/posts\/51784\/revisions\/51786"}],"wp:attachment":[{"href":"https:\/\/www.diasdavilaacontece.com\/index.php?rest_route=%2Fwp%2Fv2%2Fmedia&parent=51784"}],"wp:term":[{"taxonomy":"category","embeddable":true,"href":"https:\/\/www.diasdavilaacontece.com\/index.php?rest_route=%2Fwp%2Fv2%2Fcategories&post=51784"},{"taxonomy":"post_tag","embeddable":true,"href":"https:\/\/www.diasdavilaacontece.com\/index.php?rest_route=%2Fwp%2Fv2%2Ftags&post=51784"}],"curies":[{"name":"wp","href":"https:\/\/api.w.org\/{rel}","templated":true}]}}