{"id":51787,"date":"2026-03-10T11:47:55","date_gmt":"2026-03-10T11:47:55","guid":{"rendered":"https:\/\/www.diasdavilaacontece.com\/?p=51787"},"modified":"2026-03-10T11:47:55","modified_gmt":"2026-03-10T11:47:55","slug":"festival-de-arembepe-2026-comeca-na-proxima-sexta-feira-13","status":"publish","type":"post","link":"https:\/\/www.diasdavilaacontece.com\/?p=51787","title":{"rendered":"FESTIVAL DE AREMBEPE 2026 COME\u00c7A NA PR\u00d3XIMA SEXTA-FEIRA 13"},"content":{"rendered":"<p data-start=\"203\" data-end=\"624\">Cama\u00e7ari prepara Arembepe para, entre os dias 13 e 16 de mar\u00e7o, promover o Festival de Arembepe 2026, que integra o ciclo de festas populares da orla e vai reunir moradores, visitantes e turistas em quatro dias de celebra\u00e7\u00e3o, com manifesta\u00e7\u00f5es culturais, blocos de rua e uma programa\u00e7\u00e3o musical diversificada com mais de 50 atra\u00e7\u00f5es.<\/p>\n<p data-start=\"626\" data-end=\"914\">A abertura oficial ser\u00e1 na sexta-feira (13), a partir das 8h &#8211; Veja o calend\u00e1rio da festa:<\/p>\n<p data-start=\"1538\" data-end=\"1709\"><strong data-start=\"1538\" data-end=\"1558\">Sexta-feira (13)<\/strong><br data-start=\"1558\" data-end=\"1561\">Palco da Diversidade \u2013 Pra\u00e7a dos Coqueiros (15h30)<br data-start=\"1611\" data-end=\"1614\">\u2022 Espermacete<br data-start=\"1627\" data-end=\"1630\">\u2022 Jorginaldo Assis<br data-start=\"1648\" data-end=\"1651\">\u2022 Kalunduh<br data-start=\"1661\" data-end=\"1664\">\u2022 Rege FX<br data-start=\"1673\" data-end=\"1676\">\u2022 Edy Xote<br data-start=\"1686\" data-end=\"1689\">\u2022 Cartel Pacifista<\/p>\n<p data-start=\"1711\" data-end=\"1849\">Palco Katita \u2013 Arena Principal (19h30)<br data-start=\"1749\" data-end=\"1752\">\u2022 Chegue Mais convida Nego L\u00e9o<br data-start=\"1782\" data-end=\"1785\">\u2022 Diumbanda<br data-start=\"1796\" data-end=\"1799\">\u2022 Guig Ghetto<br data-start=\"1812\" data-end=\"1815\">\u2022 Filhos de Jorge<br data-start=\"1832\" data-end=\"1835\">\u2022 Jo\u00e3o Gomes<\/p>\n<p data-start=\"1851\" data-end=\"2177\"><strong data-start=\"1851\" data-end=\"1866\">S\u00e1bado (14)<\/strong><br data-start=\"1866\" data-end=\"1869\">Blocos de rua \u2013 a partir das 13h30<br data-start=\"1903\" data-end=\"1906\">\u2022 Hanikeiros (Nei D\u2019 Resenha)<br data-start=\"1935\" data-end=\"1938\">\u2022 Voc\u00ea e Eu (Grupo Representa)<br data-start=\"1968\" data-end=\"1971\">\u2022 Bloco dos Amigos (Rubynho)<br data-start=\"1999\" data-end=\"2002\">\u2022 100% Meio Ambiente (Samba Trator)<br data-start=\"2037\" data-end=\"2040\">\u2022 Ra\u00edzes de Arembepe (Pincel)<br data-start=\"2069\" data-end=\"2072\">\u2022 Alegria do Robalo (Diggo)<br data-start=\"2099\" data-end=\"2102\">\u2022 Recordar (Banda Status e Paulinho da Bahia)<br data-start=\"2147\" data-end=\"2150\">\u2022 Mordomia (Aud\u00e1cia Pura)<\/p>\n<p data-start=\"2179\" data-end=\"2388\">Palco da Diversidade (15h30)<br data-start=\"2207\" data-end=\"2210\">\u2022 P\u00e9 de Lata<br data-start=\"2222\" data-end=\"2225\">\u2022 Samba Chula Filhos de Oy\u00f3<br data-start=\"2252\" data-end=\"2255\">\u2022 Samba do Litoral convida Celebridade 10<br data-start=\"2296\" data-end=\"2299\">\u2022 \u00c1cido Baiano<br data-start=\"2313\" data-end=\"2316\">\u2022 Sil Figueiredo<br data-start=\"2332\" data-end=\"2335\">\u2022 Caloi 10<br data-start=\"2345\" data-end=\"2348\">\u2022 Bruno Xonado convida Fil\u00e9 de Camar\u00e3o<\/p>\n<p data-start=\"2390\" data-end=\"2539\">Palco Katita (19h30)<br data-start=\"2410\" data-end=\"2413\">\u2022 C\u00e1ssio Calmon convida Nilton Spirro<br data-start=\"2450\" data-end=\"2453\">\u2022 Neide Bassan<br data-start=\"2467\" data-end=\"2470\">\u2022 Priscila Sena<br data-start=\"2485\" data-end=\"2488\">\u2022 Renatinho da Bahia convida Xexeu<br data-start=\"2522\" data-end=\"2525\">\u2022 Tony Sales<\/p>\n<p data-start=\"2541\" data-end=\"2837\"><strong data-start=\"2541\" data-end=\"2557\">Domingo (15)<\/strong><br data-start=\"2557\" data-end=\"2560\">Blocos de rua \u2013 a partir das 11h<br data-start=\"2592\" data-end=\"2595\">\u2022 Pernalonga (Karla Coelho e convidados)<br data-start=\"2635\" data-end=\"2638\">\u2022 Yeu (Lucas Morato)<br data-start=\"2658\" data-end=\"2661\">\u2022 As Tartarugas (Pagodart)<br data-start=\"2687\" data-end=\"2690\">\u2022 Chuva de Gelo (Rog\u00e9rio Bambeia)<br data-start=\"2723\" data-end=\"2726\">\u2022 As Piriguetes (Alice Morais)<br data-start=\"2756\" data-end=\"2759\">\u2022 Elefante (Malafalia)<br data-start=\"2781\" data-end=\"2784\">\u2022 Quem Guenta (Zau P\u00e1ssaro)<br data-start=\"2811\" data-end=\"2814\">\u2022 Afrombepe (Muzenza)<\/p>\n<p data-start=\"2839\" data-end=\"2981\">Palco da Diversidade (15h30)<br data-start=\"2867\" data-end=\"2870\">\u2022 Valzzito<br data-start=\"2880\" data-end=\"2883\">\u2022 Igor Jean<br data-start=\"2894\" data-end=\"2897\">\u2022 Carol e Gabi<br data-start=\"2911\" data-end=\"2914\">\u2022 Bruno Gold convida Modo Pagod\u00e3o<br data-start=\"2947\" data-end=\"2950\">\u2022 Liu Menezes<br data-start=\"2963\" data-end=\"2966\">\u2022 Banda Petty<\/p>\n<p data-start=\"2983\" data-end=\"3076\">Palco Katita (19h30)<br data-start=\"3003\" data-end=\"3006\">\u2022 Simpa convida Everton Cardoso<br data-start=\"3037\" data-end=\"3040\">\u2022 Fantasm\u00e3o<br data-start=\"3051\" data-end=\"3054\">\u2022 Maneva<br data-start=\"3062\" data-end=\"3065\">\u2022 Tayrone<\/p>\n<p data-start=\"3078\" data-end=\"3307\"><strong data-start=\"3078\" data-end=\"3100\">Segunda-feira (16)<\/strong><br data-start=\"3100\" data-end=\"3103\">Blocos de rua \u2013 a partir das 14h30<br data-start=\"3137\" data-end=\"3140\">\u2022 Os Negos de Maria (Banda Movimento)<br data-start=\"3177\" data-end=\"3180\">\u2022 Folha de Louro (Edy Vox)<br data-start=\"3206\" data-end=\"3209\">\u2022 Arembepu\u00e3 (Banda Arembepu\u00e3 e convidados)<br data-start=\"3251\" data-end=\"3254\">\u2022 T\u00f4 Mentindo (Lu Costa)<br data-start=\"3278\" data-end=\"3281\">\u2022 As Abelhinhas (Pincel)<\/p>\n<p data-start=\"3309\" data-end=\"3431\">Palco da Diversidade \u2013 Baile dos Coroas (19h30)<br data-start=\"3356\" data-end=\"3359\">\u2022 Nilson Santos<br data-start=\"3374\" data-end=\"3377\">\u2022 Leozinho Imperador<br data-start=\"3397\" data-end=\"3400\">\u2022 Dois Amores<br data-start=\"3413\" data-end=\"3416\">\u2022 Silva Filho<\/p>\n<h3>Related Images:<\/h3>","protected":false},"excerpt":{"rendered":"<p>Cama\u00e7ari prepara Arembepe para, entre os dias 13 e 16 de mar\u00e7o, promover o Festival&#8230;<\/p>\n","protected":false},"author":1,"featured_media":51788,"comment_status":"closed","ping_status":"open","sticky":false,"template":"","format":"standard","meta":{"sfsi_plus_gutenberg_text_before_share":"","sfsi_plus_gutenberg_show_text_before_share":"","sfsi_plus_gutenberg_icon_type":"","sfsi_plus_gutenberg_icon_alignemt":"","sfsi_plus_gutenburg_max_per_row":"","_exactmetrics_skip_tracking":false,"_exactmetrics_sitenote_active":false,"_exactmetrics_sitenote_note":"","_exactmetrics_sitenote_category":0,"ngg_post_thumbnail":0,"footnotes":""},"categories":[5],"tags":[],"class_list":["post-51787","post","type-post","status-publish","format-standard","has-post-thumbnail","hentry","category-destaques"],"_links":{"self":[{"href":"https:\/\/www.diasdavilaacontece.com\/index.php?rest_route=\/wp\/v2\/posts\/51787","targetHints":{"allow":["GET"]}}],"collection":[{"href":"https:\/\/www.diasdavilaacontece.com\/index.php?rest_route=\/wp\/v2\/posts"}],"about":[{"href":"https:\/\/www.diasdavilaacontece.com\/index.php?rest_route=\/wp\/v2\/types\/post"}],"author":[{"embeddable":true,"href":"https:\/\/www.diasdavilaacontece.com\/index.php?rest_route=\/wp\/v2\/users\/1"}],"replies":[{"embeddable":true,"href":"https:\/\/www.diasdavilaacontece.com\/index.php?rest_route=%2Fwp%2Fv2%2Fcomments&post=51787"}],"version-history":[{"count":2,"href":"https:\/\/www.diasdavilaacontece.com\/index.php?rest_route=\/wp\/v2\/posts\/51787\/revisions"}],"predecessor-version":[{"id":51793,"href":"https:\/\/www.diasdavilaacontece.com\/index.php?rest_route=\/wp\/v2\/posts\/51787\/revisions\/51793"}],"wp:featuredmedia":[{"embeddable":true,"href":"https:\/\/www.diasdavilaacontece.com\/index.php?rest_route=\/wp\/v2\/media\/51788"}],"wp:attachment":[{"href":"https:\/\/www.diasdavilaacontece.com\/index.php?rest_route=%2Fwp%2Fv2%2Fmedia&parent=51787"}],"wp:term":[{"taxonomy":"category","embeddable":true,"href":"https:\/\/www.diasdavilaacontece.com\/index.php?rest_route=%2Fwp%2Fv2%2Fcategories&post=51787"},{"taxonomy":"post_tag","embeddable":true,"href":"https:\/\/www.diasdavilaacontece.com\/index.php?rest_route=%2Fwp%2Fv2%2Ftags&post=51787"}],"curies":[{"name":"wp","href":"https:\/\/api.w.org\/{rel}","templated":true}]}}