{"id":51790,"date":"2026-03-10T12:13:52","date_gmt":"2026-03-10T12:13:52","guid":{"rendered":"https:\/\/www.diasdavilaacontece.com\/?p=51790"},"modified":"2026-03-10T12:13:52","modified_gmt":"2026-03-10T12:13:52","slug":"vereador-marant-azevedo-anuncia-cadastramento-para-mulheres-interessadas-na-colocacao-do-contraceptivo-diu","status":"publish","type":"post","link":"https:\/\/www.diasdavilaacontece.com\/?p=51790","title":{"rendered":"VEREADOR MARANT AZEVEDO ANUNCIA CADASTRAMENTO PARA MULHERES INTERESSADAS NA COLOCA\u00c7\u00c3O DO CONTRACEPTIVO DIU"},"content":{"rendered":"<p data-start=\"0\" data-end=\"531\">O vereador Marant Azevedo, do <span class=\"hover:entity-accent entity-underline inline cursor-pointer align-baseline\"><span class=\"whitespace-normal\">Republicanos<\/span><\/span>, anunciou que na pr\u00f3xima quinta-feira, dia 12, o seu gabinete na C\u00e2mara Municipal de <span class=\"hover:entity-accent entity-underline inline cursor-pointer align-baseline\"><span class=\"whitespace-normal\">Dias d&#8217;\u00c1vila<\/span><\/span> realizar\u00e1 o cadastramento de mulheres interessadas em colocar o DIU \u2014 Dispositivo Intrauterino, m\u00e9todo contraceptivo considerado seguro, eficaz e de longa dura\u00e7\u00e3o. A iniciativa tem como objetivo ampliar o acesso \u00e0 informa\u00e7\u00e3o e ao planejamento reprodutivo, oferecendo orienta\u00e7\u00e3o e triagem inicial para mulheres que desejam utilizar o m\u00e9todo.<\/p>\n<p data-start=\"533\" data-end=\"912\">De acordo com o Marant, as mulheres interessadas em realizar o procedimento ou que desejem obter mais informa\u00e7\u00f5es sobre o DIU poder\u00e3o comparecer ao gabinete para participar da triagem. Durante o atendimento, ser\u00e3o feitos os primeiros encaminhamentos e orienta\u00e7\u00f5es sobre o m\u00e9todo contraceptivo, que posteriormente ser\u00e1 implantado por profissionais de sa\u00fade capacitados.<\/p>\n<p data-start=\"914\" data-end=\"1338\">O DIU \u00e9 um pequeno dispositivo colocado dentro do \u00fatero com a finalidade de prevenir a gravidez. Ele pode permanecer no organismo por longos per\u00edodos, variando geralmente entre tr\u00eas e dez anos, dependendo do tipo utilizado. Entre os modelos mais conhecidos est\u00e3o o DIU de cobre e o DIU hormonal, ambos reconhecidos por sua alta efic\u00e1cia na preven\u00e7\u00e3o da gesta\u00e7\u00e3o. Referido&nbsp;m\u00e9todo apresenta uma das maiores taxas de efic\u00e1cia entre os contraceptivos dispon\u00edveis, podendo ultrapassar 99% de prote\u00e7\u00e3o quando corretamente indicado e acompanhado por profissionais de sa\u00fade. O dispositivo atua dificultando a fecunda\u00e7\u00e3o e pode ser retirado a qualquer momento caso a mulher deseje engravidar ou optar por outro m\u00e9todo contraceptivo.<\/p>\n<p data-start=\"1738\" data-end=\"2002\">Marant Azevedo destacou que a iniciativa busca ampliar o acesso das mulheres da cidade \u00e0 informa\u00e7\u00e3o e a m\u00e9todos de planejamento familiar. Para o vereador, o conhecimento sobre sa\u00fade reprodutiva \u00e9 fundamental para garantir autonomia e qualidade de vida \u00e0s mulheres.<\/p>\n<p data-start=\"2004\" data-end=\"2371\">\u201cNosso objetivo \u00e9 oferecer informa\u00e7\u00e3o, orienta\u00e7\u00e3o e facilitar o acesso das mulheres de <span class=\"hover:entity-accent entity-underline inline cursor-pointer align-baseline\"><span class=\"whitespace-normal\">Dias d&#8217;\u00c1vila<\/span><\/span> a um m\u00e9todo seguro de preven\u00e7\u00e3o da gravidez. Muitas vezes, falta apenas o encaminhamento correto ou a oportunidade de receber a orienta\u00e7\u00e3o adequada. O nosso gabinete estar\u00e1 aberto para acolher essas mulheres e ajudar nesse processo\u201d, afirmou.<\/p>\n<p data-start=\"2373\" data-end=\"2713\">O parlamentar ressaltou ainda que a\u00e7\u00f5es voltadas \u00e0 sa\u00fade da mulher fazem parte de um conjunto de iniciativas que buscam fortalecer pol\u00edticas p\u00fablicas voltadas ao bem-estar feminino no munic\u00edpio. A proposta, segundo ele, \u00e9 aproximar o poder p\u00fablico das necessidades reais da popula\u00e7\u00e3o e ampliar o acesso a servi\u00e7os de orienta\u00e7\u00e3o e preven\u00e7\u00e3o.<\/p>\n<p data-start=\"2715\" data-end=\"2945\">As mulheres interessadas poder\u00e3o comparecer ao gabinete do vereador na C\u00e2mara Municipal de <span class=\"hover:entity-accent entity-underline inline cursor-pointer align-baseline\"><span class=\"whitespace-normal\">Dias d&#8217;\u00c1vila<\/span><\/span> na quinta-feira (12) para realizar o cadastramento e receber as primeiras orienta\u00e7\u00f5es sobre o m\u00e9todo.<\/p>\n<h3>Related Images:<\/h3>","protected":false},"excerpt":{"rendered":"<p>O vereador Marant Azevedo, do Republicanos, anunciou que na pr\u00f3xima quinta-feira, dia 12, o seu&#8230;<\/p>\n","protected":false},"author":1,"featured_media":51791,"comment_status":"closed","ping_status":"open","sticky":false,"template":"","format":"standard","meta":{"sfsi_plus_gutenberg_text_before_share":"","sfsi_plus_gutenberg_show_text_before_share":"","sfsi_plus_gutenberg_icon_type":"","sfsi_plus_gutenberg_icon_alignemt":"","sfsi_plus_gutenburg_max_per_row":"","_exactmetrics_skip_tracking":false,"_exactmetrics_sitenote_active":false,"_exactmetrics_sitenote_note":"","_exactmetrics_sitenote_category":0,"ngg_post_thumbnail":0,"footnotes":""},"categories":[5],"tags":[],"class_list":["post-51790","post","type-post","status-publish","format-standard","has-post-thumbnail","hentry","category-destaques"],"_links":{"self":[{"href":"https:\/\/www.diasdavilaacontece.com\/index.php?rest_route=\/wp\/v2\/posts\/51790","targetHints":{"allow":["GET"]}}],"collection":[{"href":"https:\/\/www.diasdavilaacontece.com\/index.php?rest_route=\/wp\/v2\/posts"}],"about":[{"href":"https:\/\/www.diasdavilaacontece.com\/index.php?rest_route=\/wp\/v2\/types\/post"}],"author":[{"embeddable":true,"href":"https:\/\/www.diasdavilaacontece.com\/index.php?rest_route=\/wp\/v2\/users\/1"}],"replies":[{"embeddable":true,"href":"https:\/\/www.diasdavilaacontece.com\/index.php?rest_route=%2Fwp%2Fv2%2Fcomments&post=51790"}],"version-history":[{"count":1,"href":"https:\/\/www.diasdavilaacontece.com\/index.php?rest_route=\/wp\/v2\/posts\/51790\/revisions"}],"predecessor-version":[{"id":51792,"href":"https:\/\/www.diasdavilaacontece.com\/index.php?rest_route=\/wp\/v2\/posts\/51790\/revisions\/51792"}],"wp:featuredmedia":[{"embeddable":true,"href":"https:\/\/www.diasdavilaacontece.com\/index.php?rest_route=\/wp\/v2\/media\/51791"}],"wp:attachment":[{"href":"https:\/\/www.diasdavilaacontece.com\/index.php?rest_route=%2Fwp%2Fv2%2Fmedia&parent=51790"}],"wp:term":[{"taxonomy":"category","embeddable":true,"href":"https:\/\/www.diasdavilaacontece.com\/index.php?rest_route=%2Fwp%2Fv2%2Fcategories&post=51790"},{"taxonomy":"post_tag","embeddable":true,"href":"https:\/\/www.diasdavilaacontece.com\/index.php?rest_route=%2Fwp%2Fv2%2Ftags&post=51790"}],"curies":[{"name":"wp","href":"https:\/\/api.w.org\/{rel}","templated":true}]}}