{"id":51794,"date":"2026-03-10T22:55:46","date_gmt":"2026-03-10T22:55:46","guid":{"rendered":"https:\/\/www.diasdavilaacontece.com\/?p=51794"},"modified":"2026-03-10T22:55:46","modified_gmt":"2026-03-10T22:55:46","slug":"o-governo-dos-eua-esta-prestes-a-declarar-as-faccoes-brasileiras-como-terroristas","status":"publish","type":"post","link":"https:\/\/www.diasdavilaacontece.com\/?p=51794","title":{"rendered":"O GOVERNO DOS EUA EST\u00c1 PRESTES A DECLARAR AS FAC\u00c7\u00d5ES BRASILEIRAS COMO TERRORISTAS"},"content":{"rendered":"<p><strong>Isabella Menon\/Folhapress.<\/strong>&nbsp;<\/p>\n<p>O governo de Donald Trump considera que as fac\u00e7\u00f5es criminosas brasileiras CV (Comando Vermelho) e PCC (Primeiro Comando da Capital) s\u00e3o amea\u00e7as significativas \u00e0 seguran\u00e7a regional devido ao seu envolvimento com o tr\u00e1fico de drogas, a viol\u00eancia e o crime transnacional. A descri\u00e7\u00e3o \u00e9 de um porta-voz do Departamento de Estado, que tem fun\u00e7\u00e3o semelhante ao Minist\u00e9rio das Rela\u00e7\u00f5es Exteriores. De acordo com uma reportagem do UOL, Washington j\u00e1 decidiu classificar as fac\u00e7\u00f5es como terroristas.<\/p>\n<p>Em nota \u00e0 Folha de S.Paulo, a pasta n\u00e3o descarta a possibilidade, mas afirma que n\u00e3o antecipa poss\u00edveis designa\u00e7\u00f5es de terrorismo e nem delibera\u00e7\u00f5es &#8220;relacionadas a essas designa\u00e7\u00f5es&#8221;. &#8220;Estamos plenamente comprometidos em tomar as medidas apropriadas contra grupos estrangeiros que se envolvam em atividades terroristas&#8221;, diz o departamento.<\/p>\n<p>O governo Lula (PT) trabalha para evitar esta classifica\u00e7\u00e3o, que j\u00e1 vem sendo estudada desde o ano passado. \u00c0 Folha de S.Paulo, uma autoridade brasileira que se encontrou com integrantes do governo Trump disse que os americanos estiveram no Brasil no ano passado para coletar informa\u00e7\u00f5es sobre as fac\u00e7\u00f5es.<\/p>\n<aside class=\"inreadads inreadads-2\">\n<div id=\"wrapper-otempo-inread-2\" class=\"wrapper-otempo-inread\">\n<div id=\"div-otempo-o-inread-2\" class=\"content-otempo-inread\">Segundo este funcion\u00e1rio, os americanos n\u00e3o deram espa\u00e7o para o Brasil apresentar qual a sua interpreta\u00e7\u00e3o em rela\u00e7\u00e3o ao terrorismo e solicitaram informa\u00e7\u00f5es a respeito do funcionamento das fac\u00e7\u00f5es. Por isso, a mudan\u00e7a na classifica\u00e7\u00e3o n\u00e3o \u00e9 considerada uma surpresa na gest\u00e3o Lula.<\/div>\n<\/div>\n<\/aside>\n<p>Nos Estados Unidos, a reportagem conversou com tr\u00eas funcion\u00e1rios que trabalham na diplomacia brasileira e solicitaram anonimato. Eles disseram que, apesar de existir a presen\u00e7a de integrantes das fac\u00e7\u00f5es em territ\u00f3rio americano, o objetivo dos criminosos \u00e9 principalmente a lavagem de dinheiro, mas h\u00e1 registro de tr\u00e1fico de drogas nos Estados Unidos.<\/p>\n<p>Fl\u00f3rida e Massachusetts s\u00e3o os estados com a maior presen\u00e7a de membros das duas fac\u00e7\u00f5es \u0097s\u00e3o tamb\u00e9m os que concentram a maior parcela da popula\u00e7\u00e3o brasileira em solo americano.<br \/>\nLula disse nas \u00faltimas semanas que pretende visitar Trump, em Washington, mas ainda n\u00e3o h\u00e1 data para que isso aconte\u00e7a. A expectativa \u00e9 que o tema possa ser debatido na conversa.<\/p>\n<aside class=\"inreadads inreadads-3\">\n<div id=\"wrapper-otempo-inread-3\" class=\"wrapper-otempo-inread\">\n<div id=\"div-otempo-o-inread-3\" class=\"content-otempo-inread\">O presidente brasileiro disse diversas vezes que quer negociar com o hom\u00f3logo americano um projeto que apresentou ao Departamento do Estado para que os dois pa\u00edses combatam o crime organizado em parceria. De acordo com uma pessoa ligada ao governo americano, Washington recusou a proposta porque ela classifica as fac\u00e7\u00f5es como narcoterroristas.<\/div>\n<\/div>\n<\/aside>\n<p>Apesar dos esfor\u00e7os do governo federal, no ano passado, parlamentares e governadores da direita brasileiros solicitaram ao governo Trump a classifica\u00e7\u00e3o do Comando Vermelho como grupo terrorista. O governo Cl\u00e1udio Castro (PL) chegou a enviar um documento para Washington com o pedido. A fac\u00e7\u00e3o tem origem no Rio de Janeiro.<\/p>\n<p>A poss\u00edvel decis\u00e3o dos Estados Unidos de classificar as fac\u00e7\u00f5es brasileiras como terroristas teria efeitos pr\u00e1ticos limitados, segundo avalia\u00e7\u00e3o de Douglas Farah, especialista em crime transnacional, que assessorou o Departamento de Estado durante os governos de Barack Obama, Joe Biden (ambos democratas) e o primeiro mandato de Donald Trump (que \u00e9 do Partido Republicano).<\/p>\n<aside class=\"inreadads inreadads-4\">\n<div id=\"wrapper-otempo-inread-4\" class=\"wrapper-otempo-inread\">\n<div id=\"div-otempo-o-inread-4\" class=\"content-otempo-inread\">Para ele, a medida ampliaria principalmente as ferramentas legais e de intelig\u00eancia dispon\u00edveis para autoridades americanas, permitindo monitorar movimenta\u00e7\u00f5es financeiras, rastrear integrantes e aplicar san\u00e7\u00f5es. No entanto, o impacto direto sobre esses grupos seria restrito, j\u00e1 que eles n\u00e3o t\u00eam presen\u00e7a significativa nem estruturas financeiras formais dentro do territ\u00f3rio americano.<\/div>\n<\/div>\n<\/aside>\n<p>Na avalia\u00e7\u00e3o do especialista, h\u00e1 tamb\u00e9m um risco de banaliza\u00e7\u00e3o do uso da categoria &#8220;terrorismo&#8221;. &#8220;Se tudo passa a ser classificado como organiza\u00e7\u00e3o terrorista, nada mais \u00e9 de fato terrorismo&#8221;, afirma.<\/p>\n<p>Ele argumenta que fac\u00e7\u00f5es como PCC e CV se enquadram mais claramente na l\u00f3gica do crime organizado: utilizam viol\u00eancia para controlar mercados ilegais, mas n\u00e3o t\u00eam como objetivo central produzir terror com fins pol\u00edticos ou atacar os Estados Unidos, como ocorreu com grupos como a Al-Qaeda, respons\u00e1vel pelo 11 de Setembro.<\/p>\n<aside class=\"inreadads inreadads-5\">\n<div id=\"wrapper-otempo-inread-5\" class=\"wrapper-otempo-inread\">\n<div id=\"div-otempo-o-inread-5\" class=\"content-otempo-inread\">Farah ressalta ainda que a designa\u00e7\u00e3o n\u00e3o abriria automaticamente caminho para opera\u00e7\u00f5es americanas em territ\u00f3rio brasileiro. Qualquer a\u00e7\u00e3o desse tipo dependeria da autoriza\u00e7\u00e3o do governo brasileiro, algo que ele considera improv\u00e1vel no atual contexto pol\u00edtico.<\/div>\n<\/div>\n<\/aside>\n<p>&#8220;Mesmo quando houve opera\u00e7\u00f5es contra cart\u00e9is em outros pa\u00edses, os EUA fizeram quest\u00e3o de apresent\u00e1-las como a\u00e7\u00f5es conjuntas com os governos locais&#8221;, diz. No caso do Brasil, uma interven\u00e7\u00e3o unilateral teria alto custo diplom\u00e1tico e econ\u00f4mico, dado o peso do pa\u00eds na regi\u00e3o.<\/p>\n<p>Para ele, a tend\u00eancia mais prov\u00e1vel \u00e9 que uma eventual designa\u00e7\u00e3o gere repercuss\u00e3o pol\u00edtica e midi\u00e1tica no curto prazo, mas com poucas mudan\u00e7as concretas no combate \u00e0s fac\u00e7\u00f5es.<\/p>\n<aside class=\"inreadads inreadads-6\">\n<div id=\"wrapper-otempo-inread-6\" class=\"wrapper-otempo-inread\">\n<div id=\"div-otempo-o-inread-6\" class=\"content-otempo-inread\">O especialista tamb\u00e9m v\u00ea na atual pol\u00edtica externa americana uma tentativa de militarizar novamente o combate ao narcotr\u00e1fico, estrat\u00e9gia que ganhou for\u00e7a nos anos 1980 e que, segundo ele, produziu resultados limitados e efeitos colaterais graves, como viola\u00e7\u00f5es de direitos humanos e aumento da influ\u00eancia pol\u00edtica das For\u00e7as Armadas em pa\u00edses da regi\u00e3o.<\/div>\n<\/div>\n<\/aside>\n<h3>Related Images:<\/h3>","protected":false},"excerpt":{"rendered":"<p>Isabella Menon\/Folhapress.&nbsp; O governo de Donald Trump considera que as fac\u00e7\u00f5es criminosas brasileiras CV (Comando&#8230;<\/p>\n","protected":false},"author":1,"featured_media":51795,"comment_status":"closed","ping_status":"open","sticky":false,"template":"","format":"standard","meta":{"sfsi_plus_gutenberg_text_before_share":"","sfsi_plus_gutenberg_show_text_before_share":"","sfsi_plus_gutenberg_icon_type":"","sfsi_plus_gutenberg_icon_alignemt":"","sfsi_plus_gutenburg_max_per_row":"","_exactmetrics_skip_tracking":false,"_exactmetrics_sitenote_active":false,"_exactmetrics_sitenote_note":"","_exactmetrics_sitenote_category":0,"ngg_post_thumbnail":0,"footnotes":""},"categories":[115],"tags":[],"class_list":["post-51794","post","type-post","status-publish","format-standard","has-post-thumbnail","hentry","category-acontece"],"_links":{"self":[{"href":"https:\/\/www.diasdavilaacontece.com\/index.php?rest_route=\/wp\/v2\/posts\/51794","targetHints":{"allow":["GET"]}}],"collection":[{"href":"https:\/\/www.diasdavilaacontece.com\/index.php?rest_route=\/wp\/v2\/posts"}],"about":[{"href":"https:\/\/www.diasdavilaacontece.com\/index.php?rest_route=\/wp\/v2\/types\/post"}],"author":[{"embeddable":true,"href":"https:\/\/www.diasdavilaacontece.com\/index.php?rest_route=\/wp\/v2\/users\/1"}],"replies":[{"embeddable":true,"href":"https:\/\/www.diasdavilaacontece.com\/index.php?rest_route=%2Fwp%2Fv2%2Fcomments&post=51794"}],"version-history":[{"count":1,"href":"https:\/\/www.diasdavilaacontece.com\/index.php?rest_route=\/wp\/v2\/posts\/51794\/revisions"}],"predecessor-version":[{"id":51796,"href":"https:\/\/www.diasdavilaacontece.com\/index.php?rest_route=\/wp\/v2\/posts\/51794\/revisions\/51796"}],"wp:featuredmedia":[{"embeddable":true,"href":"https:\/\/www.diasdavilaacontece.com\/index.php?rest_route=\/wp\/v2\/media\/51795"}],"wp:attachment":[{"href":"https:\/\/www.diasdavilaacontece.com\/index.php?rest_route=%2Fwp%2Fv2%2Fmedia&parent=51794"}],"wp:term":[{"taxonomy":"category","embeddable":true,"href":"https:\/\/www.diasdavilaacontece.com\/index.php?rest_route=%2Fwp%2Fv2%2Fcategories&post=51794"},{"taxonomy":"post_tag","embeddable":true,"href":"https:\/\/www.diasdavilaacontece.com\/index.php?rest_route=%2Fwp%2Fv2%2Ftags&post=51794"}],"curies":[{"name":"wp","href":"https:\/\/api.w.org\/{rel}","templated":true}]}}