{"id":51797,"date":"2026-03-10T23:36:40","date_gmt":"2026-03-10T23:36:40","guid":{"rendered":"https:\/\/www.diasdavilaacontece.com\/?p=51797"},"modified":"2026-03-10T23:36:40","modified_gmt":"2026-03-10T23:36:40","slug":"ministro-de-lula-pontua-que-o-governo-nao-e-favoravel-a-escala-5x2","status":"publish","type":"post","link":"https:\/\/www.diasdavilaacontece.com\/?p=51797","title":{"rendered":"MINISTRO DE LULA PONTUA QUE O GOVERNO N\u00c3O \u00c9 FAVOR\u00c1VEL A ESCALA 5X2"},"content":{"rendered":"<p data-t=\"{&quot;n&quot;:&quot;blueLinks&quot;,&quot;t&quot;:13,&quot;a&quot;:&quot;click&quot;,&quot;b&quot;:76}\">Em meio aos debates sobre o fim da escala 6&#215;1, o ministro do Trabalho e Emprego, <b>Luiz Marinho<\/b>, afirmou que o que cabe neste momento \u00e9 a escala 5&#215;2, com redu\u00e7\u00e3o de 44 horas para 40 horas de trabalho semanais. Ele afirmou que a economia hoje suporta esse patamar, e n\u00e3o 36 horas semanais. As declara\u00e7\u00f5es ocorreram em audi\u00eancia p\u00fablica realizada pela Comiss\u00e3o de Constitui\u00e7\u00e3o e Justi\u00e7a (CCJ) da C\u00e2mara dos Deputados, na tarde desta ter\u00e7a-feira, 10.<\/p>\n<div class=\"mm_conteudo blog-multimidia foto\">\n<div class=\"article-image-slot image-slot-placeholder\" data-doc-id=\"cms\/api\/amp\/image\/AA1ElBrd\">\n<div class=\"article-image-slot\">\n<div class=\"article-image-container in-div polished\" data-t=\"{&quot;n&quot;:&quot;OpenModal&quot;,&quot;t&quot;:13,&quot;b&quot;:8,&quot;c.i&quot;:&quot;AA1XVB92&quot;,&quot;c.l&quot;:false,&quot;c.t&quot;:13,&quot;c.v&quot;:&quot;news&quot;,&quot;c.c&quot;:&quot;newsbrazil&quot;,&quot;c.b&quot;:&quot;Estad\u00e3o&quot;,&quot;c.bi&quot;:&quot;BB6s5Un&quot;,&quot;c.tv&quot;:&quot;finance&quot;,&quot;c.tc&quot;:&quot;economy&quot;,&quot;c.hl&quot;:&quot;Fim da 6x1: O que cabe agora \u00e9 a escala 5x2 com redu\u00e7\u00e3o para 40 horas semanais, diz Marinho&quot;}\" data-test-id=\"AA1ElBrd\">\n<div class=\"image-caption-container image-caption-container-ux-impr articlewc-image-caption-container\">\u201cO que cabe nesse momento \u00e9 redu\u00e7\u00e3o da jornada de trabalho para 40 horas semanais, jornada m\u00e1xima, sem redu\u00e7\u00e3o do sal\u00e1rio, com duas folgas na semana. Portanto, eu estou falando de 5&#215;2\u201d, disse a parlamentares.<\/div>\n<\/div>\n<\/div>\n<\/div>\n<\/div>\n<p data-t=\"{&quot;n&quot;:&quot;blueLinks&quot;,&quot;t&quot;:13,&quot;a&quot;:&quot;click&quot;,&quot;b&quot;:76}\">Marinho defendeu enfrentar o debate do impacto de custo decorrente da mudan\u00e7a. \u201cN\u00f3s n\u00e3o podemos negar que h\u00e1 um impacto de custo, evidentemente que acontece um impacto de custo. Mas \u00e9 preciso n\u00e3o entrar numa neura de que esse custo \u00e9 proibitivo a tal ponto de n\u00e3o encontrarmos um ponto de equil\u00edbrio\u201d, sustentou o ministro.<\/p>\n<p data-t=\"{&quot;n&quot;:&quot;blueLinks&quot;,&quot;t&quot;:13,&quot;a&quot;:&quot;click&quot;,&quot;b&quot;:76}\">\u201cN\u00f3s n\u00e3o desejamos asfixiar a economia. O que n\u00f3s precisamos \u00e9 criar condi\u00e7\u00f5es de trazer uma conquista, porque \u00e9 uma exig\u00eancia especialmente da juventude trabalhadora\u201d, prosseguiu. Segundo ele, h\u00e1 empresas se antecipando \u00e0 redu\u00e7\u00e3o da jornada e a economia j\u00e1 precificou os impactos da mudan\u00e7a.<\/p>\n<p data-t=\"{&quot;n&quot;:&quot;blueLinks&quot;,&quot;t&quot;:13,&quot;a&quot;:&quot;click&quot;,&quot;b&quot;:76}\">\u201cN\u00f3s estamos seguros de que a redu\u00e7\u00e3o da jornada para 40 horas semanais \u00e9 plenamente fact\u00edvel, \u00e9 plenamente sustent\u00e1vel\u201d, concluiu.<\/p>\n<p data-t=\"{&quot;n&quot;:&quot;blueLinks&quot;,&quot;t&quot;:13,&quot;a&quot;:&quot;click&quot;,&quot;b&quot;:76}\">A proposta que d\u00e1 fim \u00e0 escala 6&#215;1 est\u00e1 sendo analisada pela CCJ do ponto de vista da admissibilidade constitucional. O m\u00e9rito (conte\u00fado) da proposta ser\u00e1 discutido somente ap\u00f3s a instala\u00e7\u00e3o da comiss\u00e3o especial.<\/p>\n<p data-t=\"{&quot;n&quot;:&quot;blueLinks&quot;,&quot;t&quot;:13,&quot;a&quot;:&quot;click&quot;,&quot;b&quot;:76}\">De acordo com o presidente da C\u00e2mara, a expectativa \u00e9 de que a PEC seja levada para vota\u00e7\u00e3o no plen\u00e1rio em maio deste ano.<\/p>\n<h3>Related Images:<\/h3>","protected":false},"excerpt":{"rendered":"<p>Em meio aos debates sobre o fim da escala 6&#215;1, o ministro do Trabalho e&#8230;<\/p>\n","protected":false},"author":1,"featured_media":51798,"comment_status":"closed","ping_status":"open","sticky":false,"template":"","format":"standard","meta":{"sfsi_plus_gutenberg_text_before_share":"","sfsi_plus_gutenberg_show_text_before_share":"","sfsi_plus_gutenberg_icon_type":"","sfsi_plus_gutenberg_icon_alignemt":"","sfsi_plus_gutenburg_max_per_row":"","_exactmetrics_skip_tracking":false,"_exactmetrics_sitenote_active":false,"_exactmetrics_sitenote_note":"","_exactmetrics_sitenote_category":0,"ngg_post_thumbnail":0,"footnotes":""},"categories":[115],"tags":[],"class_list":["post-51797","post","type-post","status-publish","format-standard","has-post-thumbnail","hentry","category-acontece"],"_links":{"self":[{"href":"https:\/\/www.diasdavilaacontece.com\/index.php?rest_route=\/wp\/v2\/posts\/51797","targetHints":{"allow":["GET"]}}],"collection":[{"href":"https:\/\/www.diasdavilaacontece.com\/index.php?rest_route=\/wp\/v2\/posts"}],"about":[{"href":"https:\/\/www.diasdavilaacontece.com\/index.php?rest_route=\/wp\/v2\/types\/post"}],"author":[{"embeddable":true,"href":"https:\/\/www.diasdavilaacontece.com\/index.php?rest_route=\/wp\/v2\/users\/1"}],"replies":[{"embeddable":true,"href":"https:\/\/www.diasdavilaacontece.com\/index.php?rest_route=%2Fwp%2Fv2%2Fcomments&post=51797"}],"version-history":[{"count":1,"href":"https:\/\/www.diasdavilaacontece.com\/index.php?rest_route=\/wp\/v2\/posts\/51797\/revisions"}],"predecessor-version":[{"id":51799,"href":"https:\/\/www.diasdavilaacontece.com\/index.php?rest_route=\/wp\/v2\/posts\/51797\/revisions\/51799"}],"wp:featuredmedia":[{"embeddable":true,"href":"https:\/\/www.diasdavilaacontece.com\/index.php?rest_route=\/wp\/v2\/media\/51798"}],"wp:attachment":[{"href":"https:\/\/www.diasdavilaacontece.com\/index.php?rest_route=%2Fwp%2Fv2%2Fmedia&parent=51797"}],"wp:term":[{"taxonomy":"category","embeddable":true,"href":"https:\/\/www.diasdavilaacontece.com\/index.php?rest_route=%2Fwp%2Fv2%2Fcategories&post=51797"},{"taxonomy":"post_tag","embeddable":true,"href":"https:\/\/www.diasdavilaacontece.com\/index.php?rest_route=%2Fwp%2Fv2%2Ftags&post=51797"}],"curies":[{"name":"wp","href":"https:\/\/api.w.org\/{rel}","templated":true}]}}