{"id":51801,"date":"2026-03-10T23:48:36","date_gmt":"2026-03-10T23:48:36","guid":{"rendered":"https:\/\/www.diasdavilaacontece.com\/?p=51801"},"modified":"2026-03-10T23:48:36","modified_gmt":"2026-03-10T23:48:36","slug":"diesel-esta-comeca-a-faltar-e-chega-a-quase-8-reais-caminhoneiros-pressiona-governo-lula-por-intervencao","status":"publish","type":"post","link":"https:\/\/www.diasdavilaacontece.com\/?p=51801","title":{"rendered":"DIESEL EST\u00c1 COME\u00c7A A FALTAR E CHEGA A QUASE 8 REAIS &#8211; CAMINHONEIROS PRESSIONA GOVERNO LULA POR INTERVEN\u00c7\u00c3O"},"content":{"rendered":"<p data-end=\"606\" data-start=\"363\">Em alguns lugares o pre\u00e7o do diesel&nbsp;j\u00e1 ultrapassa&nbsp;<strong data-end=\"442\" data-start=\"395\">R$ 7,50 por litro, <\/strong>&nbsp;podendo chegar a&nbsp;<strong data-end=\"486\" data-start=\"461\">R$ 8 em alguns postos no Brasil e esta <\/strong>alta levou caminhoneiros a cobrar uma interven\u00e7\u00e3o do&nbsp;governo federal. Presidente da <span class=\"hover:entity-accent entity-underline inline cursor-pointer align-baseline\"><span class=\"whitespace-normal\">Associa\u00e7\u00e3o Brasileira dos Condutores de Ve\u00edculos Automotores (Abcam)<\/span><\/span>,&nbsp;<span class=\"hover:entity-accent entity-underline inline cursor-pointer align-baseline\"><span class=\"whitespace-normal\">Wallace Landim<\/span><\/span>, conhecido como Chor\u00e3o, afirmou que o aumento do combust\u00edvel tem impacto direto nos fretes e na economia.<\/p>\n<p data-end=\"1099\" data-start=\"997\">Segundo ele, al\u00e9m do aumento de pre\u00e7o, surgem relatos de poss\u00edvel falta do produto em algumas regi\u00f5es.<\/p>\n<p data-end=\"1221\" data-start=\"1101\">\u201cFalei com donos de postos e eles me alertaram que no Centro-Oeste j\u00e1 est\u00e1 come\u00e7ando a faltar combust\u00edvel e isso \u00e9 muito ruim para a nossa categoria, ainda mais agora em per\u00edodo de safra\u201d<\/p>\n<p data-end=\"1408\" data-start=\"1323\">Chor\u00e3o tamb\u00e9m cobrou uma rea\u00e7\u00e3o do governo federal para conter a escalada dos pre\u00e7os. \u201cO governo precisa fazer alguma coisa de fato. Precisa chamar o Minist\u00e9rio de Minas e Energia, a Petrobras e os \u00f3rg\u00e3os respons\u00e1veis\u201d, declarou.<\/p>\n<p data-end=\"1610\" data-start=\"1559\">Ele defende ainda a ado\u00e7\u00e3o de medidas emergenciais. \u201c\u00c9 preciso discutir o ICMS com os governadores e at\u00e9 reduzir o ped\u00e1gio para a nossa categoria em um momento de crise como esse\u201d, disse. Para o presidente do&nbsp;<span class=\"hover:entity-accent entity-underline inline cursor-pointer align-baseline\"><span class=\"whitespace-normal\">Sindicato do Com\u00e9rcio Varejista de Combust\u00edveis do Distrito Federal<\/span><\/span>,&nbsp;<span class=\"hover:entity-accent entity-underline inline cursor-pointer align-baseline\"><span class=\"whitespace-normal\">Paulo Tavares<\/span><\/span>, o cen\u00e1rio internacional j\u00e1 come\u00e7a a influenciar os pre\u00e7os no Brasil.<\/p>\n<p data-end=\"2463\" data-start=\"2378\">De acordo com Tavares, essa diferen\u00e7a tem reduzido a importa\u00e7\u00e3o por empresas menores.\u201cCom essa defasagem, muitas distribuidoras que trabalham com produto importado n\u00e3o conseguem trazer combust\u00edvel para o pa\u00eds\u201d, disse.<\/p>\n<p data-end=\"2818\" data-start=\"2603\">Ele afirma que o abastecimento tem ficado mais concentrado nas grandes distribuidoras&nbsp;<span class=\"hover:entity-accent entity-underline inline cursor-pointer align-baseline\"><span class=\"whitespace-normal\">Shell<\/span><\/span>,&nbsp;<span class=\"hover:entity-accent entity-underline inline cursor-pointer align-baseline\"><span class=\"whitespace-normal\">Ipiranga<\/span><\/span>&nbsp;e&nbsp;<span class=\"hover:entity-accent entity-underline inline cursor-pointer align-baseline\"><span class=\"whitespace-normal\">Vibra<\/span><\/span>. Conforme o dirigente, reajustes j\u00e1 ocorreram no Distrito Federal.&nbsp;\u201cO diesel subiu entre 45 e 48 centavos por litro, enquanto a gasolina teve aumento entre 10 e 17 centavos\u201d, disse.<\/p>\n<h3>Related Images:<\/h3>","protected":false},"excerpt":{"rendered":"<p>Em alguns lugares o pre\u00e7o do diesel&nbsp;j\u00e1 ultrapassa&nbsp;R$ 7,50 por litro, &nbsp;podendo chegar a&nbsp;R$ 8&#8230;<\/p>\n","protected":false},"author":1,"featured_media":51802,"comment_status":"closed","ping_status":"open","sticky":false,"template":"","format":"standard","meta":{"sfsi_plus_gutenberg_text_before_share":"","sfsi_plus_gutenberg_show_text_before_share":"","sfsi_plus_gutenberg_icon_type":"","sfsi_plus_gutenberg_icon_alignemt":"","sfsi_plus_gutenburg_max_per_row":"","_exactmetrics_skip_tracking":false,"_exactmetrics_sitenote_active":false,"_exactmetrics_sitenote_note":"","_exactmetrics_sitenote_category":0,"ngg_post_thumbnail":0,"footnotes":""},"categories":[115],"tags":[],"class_list":["post-51801","post","type-post","status-publish","format-standard","has-post-thumbnail","hentry","category-acontece"],"_links":{"self":[{"href":"https:\/\/www.diasdavilaacontece.com\/index.php?rest_route=\/wp\/v2\/posts\/51801","targetHints":{"allow":["GET"]}}],"collection":[{"href":"https:\/\/www.diasdavilaacontece.com\/index.php?rest_route=\/wp\/v2\/posts"}],"about":[{"href":"https:\/\/www.diasdavilaacontece.com\/index.php?rest_route=\/wp\/v2\/types\/post"}],"author":[{"embeddable":true,"href":"https:\/\/www.diasdavilaacontece.com\/index.php?rest_route=\/wp\/v2\/users\/1"}],"replies":[{"embeddable":true,"href":"https:\/\/www.diasdavilaacontece.com\/index.php?rest_route=%2Fwp%2Fv2%2Fcomments&post=51801"}],"version-history":[{"count":1,"href":"https:\/\/www.diasdavilaacontece.com\/index.php?rest_route=\/wp\/v2\/posts\/51801\/revisions"}],"predecessor-version":[{"id":51803,"href":"https:\/\/www.diasdavilaacontece.com\/index.php?rest_route=\/wp\/v2\/posts\/51801\/revisions\/51803"}],"wp:featuredmedia":[{"embeddable":true,"href":"https:\/\/www.diasdavilaacontece.com\/index.php?rest_route=\/wp\/v2\/media\/51802"}],"wp:attachment":[{"href":"https:\/\/www.diasdavilaacontece.com\/index.php?rest_route=%2Fwp%2Fv2%2Fmedia&parent=51801"}],"wp:term":[{"taxonomy":"category","embeddable":true,"href":"https:\/\/www.diasdavilaacontece.com\/index.php?rest_route=%2Fwp%2Fv2%2Fcategories&post=51801"},{"taxonomy":"post_tag","embeddable":true,"href":"https:\/\/www.diasdavilaacontece.com\/index.php?rest_route=%2Fwp%2Fv2%2Ftags&post=51801"}],"curies":[{"name":"wp","href":"https:\/\/api.w.org\/{rel}","templated":true}]}}