{"id":51805,"date":"2026-03-11T09:38:23","date_gmt":"2026-03-11T09:38:23","guid":{"rendered":"https:\/\/www.diasdavilaacontece.com\/?p=51805"},"modified":"2026-03-11T09:38:23","modified_gmt":"2026-03-11T09:38:23","slug":"jornada-pedagogica-2026-reune-cerca-de-800-profissionais-da-educacao-em-dias-davila","status":"publish","type":"post","link":"https:\/\/www.diasdavilaacontece.com\/?p=51805","title":{"rendered":"JORNADA PEDAG\u00d3GICA 2026 RE\u00daNE CERCA DE 800 PROFISSIONAIS DA EDUCA\u00c7\u00c3O EM DIAS D&#8217;\u00c1VILA"},"content":{"rendered":"<p>A Prefeitura de Dias d\u2019\u00c1vila, por meio da Secretaria Municipal de Educa\u00e7\u00e3o (SEDUC), realizou na \u00faltima segunda-feira (09) a abertura da&nbsp;<strong>Semana Pedag\u00f3gica 2026<\/strong>, reunindo cerca de 800 profissionais da Rede P\u00fablica Municipal de Ensino.&nbsp;<strong>O encontro marcou o in\u00edcio de uma semana dedicada ao planejamento, forma\u00e7\u00e3o e fortalecimento das pr\u00e1ticas educacionais no munic\u00edpio.<\/strong><\/p>\n<p>Com o tema&nbsp;<strong>\u201cEducA\u00c7\u00c3O que ultrapassa os muros da escola e tece, no territ\u00f3rio, pr\u00e1ticas equitativas, multiculturais e inclusivas: construindo uma Cidadade Educadora\u201d<\/strong>, a jornada promoveu momentos de di\u00e1logo, reflex\u00e3o e alinhamento das a\u00e7\u00f5es pedag\u00f3gicas que nortear\u00e3o o ano letivo de 2026.<\/p>\n<p>A programa\u00e7\u00e3o da Semana Pedag\u00f3gica come\u00e7ou no per\u00edodo da tarde com professores, gestores, coordenadores pedag\u00f3gicos, secret\u00e1rios escolares e equipe t\u00e9cnica da SEDUC que participaram do Evento Principal da A\u00e7\u00e3o Pedag\u00f3gica \u2013 Dimens\u00e3o Rede, realizado na quadra poliesportiva do Centro Educacional Padre Camilo Torrend.<\/p>\n<p>Durante o encontro, nas falas foram apresentados os desafios e as estrat\u00e9gias para fortalecer o ensino na rede municipal, refor\u00e7ando o compromisso da gest\u00e3o com uma educa\u00e7\u00e3o p\u00fablica cada vez mais inclusiva, participativa e de qualidade. A professora B\u00e1rbara Carine fez a palestra principal com o tema: Como ser um educador antirracista.<\/p>\n<p><strong>A programa\u00e7\u00e3o da Jornada Pedag\u00f3gica segue at\u00e9 o dia 13 de mar\u00e7o<\/strong>, no audit\u00f3rio da Prefeitura, com apresenta\u00e7\u00f5es, discuss\u00f5es sobre as diretrizes municipais de educa\u00e7\u00e3o 2026 e organiza\u00e7\u00e3o do planejamento pedag\u00f3gico envolvendo profissionais das diferentes etapas e modalidades de ensino.<\/p>\n<h3>Related Images:<\/h3>","protected":false},"excerpt":{"rendered":"<p>A Prefeitura de Dias d\u2019\u00c1vila, por meio da Secretaria Municipal de Educa\u00e7\u00e3o (SEDUC), realizou na&#8230;<\/p>\n","protected":false},"author":1,"featured_media":51806,"comment_status":"closed","ping_status":"open","sticky":false,"template":"","format":"standard","meta":{"sfsi_plus_gutenberg_text_before_share":"","sfsi_plus_gutenberg_show_text_before_share":"","sfsi_plus_gutenberg_icon_type":"","sfsi_plus_gutenberg_icon_alignemt":"","sfsi_plus_gutenburg_max_per_row":"","_exactmetrics_skip_tracking":false,"_exactmetrics_sitenote_active":false,"_exactmetrics_sitenote_note":"","_exactmetrics_sitenote_category":0,"ngg_post_thumbnail":0,"footnotes":""},"categories":[5],"tags":[],"class_list":["post-51805","post","type-post","status-publish","format-standard","has-post-thumbnail","hentry","category-destaques"],"_links":{"self":[{"href":"https:\/\/www.diasdavilaacontece.com\/index.php?rest_route=\/wp\/v2\/posts\/51805","targetHints":{"allow":["GET"]}}],"collection":[{"href":"https:\/\/www.diasdavilaacontece.com\/index.php?rest_route=\/wp\/v2\/posts"}],"about":[{"href":"https:\/\/www.diasdavilaacontece.com\/index.php?rest_route=\/wp\/v2\/types\/post"}],"author":[{"embeddable":true,"href":"https:\/\/www.diasdavilaacontece.com\/index.php?rest_route=\/wp\/v2\/users\/1"}],"replies":[{"embeddable":true,"href":"https:\/\/www.diasdavilaacontece.com\/index.php?rest_route=%2Fwp%2Fv2%2Fcomments&post=51805"}],"version-history":[{"count":1,"href":"https:\/\/www.diasdavilaacontece.com\/index.php?rest_route=\/wp\/v2\/posts\/51805\/revisions"}],"predecessor-version":[{"id":51807,"href":"https:\/\/www.diasdavilaacontece.com\/index.php?rest_route=\/wp\/v2\/posts\/51805\/revisions\/51807"}],"wp:featuredmedia":[{"embeddable":true,"href":"https:\/\/www.diasdavilaacontece.com\/index.php?rest_route=\/wp\/v2\/media\/51806"}],"wp:attachment":[{"href":"https:\/\/www.diasdavilaacontece.com\/index.php?rest_route=%2Fwp%2Fv2%2Fmedia&parent=51805"}],"wp:term":[{"taxonomy":"category","embeddable":true,"href":"https:\/\/www.diasdavilaacontece.com\/index.php?rest_route=%2Fwp%2Fv2%2Fcategories&post=51805"},{"taxonomy":"post_tag","embeddable":true,"href":"https:\/\/www.diasdavilaacontece.com\/index.php?rest_route=%2Fwp%2Fv2%2Ftags&post=51805"}],"curies":[{"name":"wp","href":"https:\/\/api.w.org\/{rel}","templated":true}]}}