{"id":51822,"date":"2026-03-11T21:38:01","date_gmt":"2026-03-11T21:38:01","guid":{"rendered":"https:\/\/www.diasdavilaacontece.com\/?p=51822"},"modified":"2026-03-11T21:38:01","modified_gmt":"2026-03-11T21:38:01","slug":"toffoli-se-declara-suspeito-para-relatar-pedido-de-cpi-do-banco-master","status":"publish","type":"post","link":"https:\/\/www.diasdavilaacontece.com\/?p=51822","title":{"rendered":"TOFFOLI SE DECLARA SUSPEITO PARA RELATAR PEDIDO DE CPI DO BANCO MASTER"},"content":{"rendered":"<p><strong>O ministro Dias Toffoli, do Supremo Tribunal Federal (STF), se declarou suspeito para relatar a a\u00e7\u00e3o para obrigar a C\u00e2mara dos Deputados a instalar uma Comiss\u00e3o Parlamentar de Inqu\u00e9rito (CPI) para investigar as fraudes no Banco Master.<\/strong><img decoding=\"async\" src=\"https:\/\/agenciabrasil.ebc.com.br\/ebc.png?id=1681564&amp;o=node\"><img decoding=\"async\" src=\"https:\/\/agenciabrasil.ebc.com.br\/ebc.gif?id=1681564&amp;o=node\"><\/p>\n<p><strong>Na decis\u00e3o, Toffoli pediu que o caso seja redistribu\u00eddo para outro membro da Corte.<\/strong><\/p>\n<p>Toffoli&nbsp;foi escolhido para ser o relator&nbsp;da a\u00e7\u00e3o nesta quarta-feira (11),&nbsp;pelo sistema eletr\u00f4nico de distribui\u00e7\u00e3o de processos da Corte.&nbsp;<strong>Apesar de ter deixado voluntariamente a relatoria do inqu\u00e9rito que investiga as fraudes no Master, Toffoli n\u00e3o havia se declarado impedido de participar de novos processos.&nbsp;<\/strong>Dessa forma, a distribui\u00e7\u00e3o do processo foi feita entre todos os ministros.<\/p>\n<p>No m\u00eas passado,&nbsp;Toffoli&nbsp;deixou a relatoria do caso&nbsp;ap\u00f3s a Pol\u00edcia Federal (PF) informar o presidente do STF, Edson Fachin, de que h\u00e1 men\u00e7\u00f5es a Toffoli&nbsp;em mensagens encontradas no celular do banqueiro Daniel Vorcaro, que teve o aparelho apreendido durante a primeira fase da&nbsp;Opera\u00e7\u00e3o Compliance Zero, deflagrada no ano passado.<\/p>\n<p>Toffoli&nbsp;\u00e9 um dos s\u00f3cios do&nbsp;resort Tayay\u00e1, localizado no Paran\u00e1. O empreendimento foi comprado por um fundo de investimentos&nbsp;ligado ao Master e investigado pela PF.&nbsp;<\/p>\n<p><strong>Na decis\u00e3o proferida hoje, Toffoli disse que os ministros da Corte reconheceram, durante reuni\u00e3o realizada no m\u00eas passado, que n\u00e3o h\u00e1 quaisquer hip\u00f3tese de impedimento ou suspei\u00e7\u00e3o contra ele nos processos sobre as investiga\u00e7\u00f5es que envolvem o Banco Master.<\/strong><\/p>\n<p>Contudo, no caso concreto, o ministro decidiu se afastar do processo que trata da abertura da CPI.<\/p>\n<p>&nbsp;<\/p>\n<p>.<\/p>\n<p>Fonte &#8211; Ag\u00eancia Brasil<\/p>\n<p>&nbsp;<\/p>\n<h3>Related Images:<\/h3>","protected":false},"excerpt":{"rendered":"<p>O ministro Dias Toffoli, do Supremo Tribunal Federal (STF), se declarou suspeito para relatar a&#8230;<\/p>\n","protected":false},"author":1,"featured_media":51823,"comment_status":"closed","ping_status":"open","sticky":false,"template":"","format":"standard","meta":{"sfsi_plus_gutenberg_text_before_share":"","sfsi_plus_gutenberg_show_text_before_share":"","sfsi_plus_gutenberg_icon_type":"","sfsi_plus_gutenberg_icon_alignemt":"","sfsi_plus_gutenburg_max_per_row":"","_exactmetrics_skip_tracking":false,"_exactmetrics_sitenote_active":false,"_exactmetrics_sitenote_note":"","_exactmetrics_sitenote_category":0,"ngg_post_thumbnail":0,"footnotes":""},"categories":[115],"tags":[],"class_list":["post-51822","post","type-post","status-publish","format-standard","has-post-thumbnail","hentry","category-acontece"],"_links":{"self":[{"href":"https:\/\/www.diasdavilaacontece.com\/index.php?rest_route=\/wp\/v2\/posts\/51822","targetHints":{"allow":["GET"]}}],"collection":[{"href":"https:\/\/www.diasdavilaacontece.com\/index.php?rest_route=\/wp\/v2\/posts"}],"about":[{"href":"https:\/\/www.diasdavilaacontece.com\/index.php?rest_route=\/wp\/v2\/types\/post"}],"author":[{"embeddable":true,"href":"https:\/\/www.diasdavilaacontece.com\/index.php?rest_route=\/wp\/v2\/users\/1"}],"replies":[{"embeddable":true,"href":"https:\/\/www.diasdavilaacontece.com\/index.php?rest_route=%2Fwp%2Fv2%2Fcomments&post=51822"}],"version-history":[{"count":1,"href":"https:\/\/www.diasdavilaacontece.com\/index.php?rest_route=\/wp\/v2\/posts\/51822\/revisions"}],"predecessor-version":[{"id":51824,"href":"https:\/\/www.diasdavilaacontece.com\/index.php?rest_route=\/wp\/v2\/posts\/51822\/revisions\/51824"}],"wp:featuredmedia":[{"embeddable":true,"href":"https:\/\/www.diasdavilaacontece.com\/index.php?rest_route=\/wp\/v2\/media\/51823"}],"wp:attachment":[{"href":"https:\/\/www.diasdavilaacontece.com\/index.php?rest_route=%2Fwp%2Fv2%2Fmedia&parent=51822"}],"wp:term":[{"taxonomy":"category","embeddable":true,"href":"https:\/\/www.diasdavilaacontece.com\/index.php?rest_route=%2Fwp%2Fv2%2Fcategories&post=51822"},{"taxonomy":"post_tag","embeddable":true,"href":"https:\/\/www.diasdavilaacontece.com\/index.php?rest_route=%2Fwp%2Fv2%2Ftags&post=51822"}],"curies":[{"name":"wp","href":"https:\/\/api.w.org\/{rel}","templated":true}]}}