{"id":51853,"date":"2026-03-14T11:44:00","date_gmt":"2026-03-14T11:44:00","guid":{"rendered":"https:\/\/www.diasdavilaacontece.com\/?p=51853"},"modified":"2026-03-14T11:44:00","modified_gmt":"2026-03-14T11:44:00","slug":"sobre-pressao-de-trump-cuba-comeca-libertar-prisioneiros-politicos","status":"publish","type":"post","link":"https:\/\/www.diasdavilaacontece.com\/?p=51853","title":{"rendered":"SOBRE PRESS\u00c3O DE TRUMP, CUBA COME\u00c7A LIBERTAR PRISIONEIROS POL\u00cdTICOS"},"content":{"rendered":"<p>As primeiras liberta\u00e7\u00f5es de presos ocorreram nesta sexta-feira (13) em Cuba, um dia depois de o governo comunista anunciar a liberta\u00e7\u00e3o antecipada de 51 presos como demonstra\u00e7\u00e3o de &#8220;boa vontade&#8221; em rela\u00e7\u00e3o ao Vaticano, informou a organiza\u00e7\u00e3o de defesa dos direitos humanos Justicia 11J. Neste mesmo dia,&nbsp;o governo cubano confirmou que est\u00e1 em negocia\u00e7\u00e3o com os Estados Unidos.<\/p>\n<aside class=\"inreadads inreadads-1\">\n<div id=\"wrapper-otempo-inread-1\" class=\"wrapper-otempo-inread\">\n<div id=\"div-otempo-o-inread-1\" class=\"content-otempo-inread\">Essa ONG indicou no X que p\u00f4de &#8220;verificar a liberta\u00e7\u00e3o&#8221; de duas pessoas que participaram das hist\u00f3ricas manifesta\u00e7\u00f5es antigovernamentais que sacudiram a ilha em 11 de julho de 2021. Elas haviam sido condenadas a 13 e 14 anos de pris\u00e3o.<\/div>\n<\/div>\n<\/aside>\n<p>A AFP confirmou com a fam\u00edlia do homem condenado a 14 anos de pris\u00e3o que, de fato, ele havia sido libertado e estava a caminho de sua casa em Havana.<\/p>\n<h3>Related Images:<\/h3>","protected":false},"excerpt":{"rendered":"<p>As primeiras liberta\u00e7\u00f5es de presos ocorreram nesta sexta-feira (13) em Cuba, um dia depois de&#8230;<\/p>\n","protected":false},"author":1,"featured_media":51854,"comment_status":"closed","ping_status":"open","sticky":false,"template":"","format":"standard","meta":{"sfsi_plus_gutenberg_text_before_share":"","sfsi_plus_gutenberg_show_text_before_share":"","sfsi_plus_gutenberg_icon_type":"","sfsi_plus_gutenberg_icon_alignemt":"","sfsi_plus_gutenburg_max_per_row":"","_exactmetrics_skip_tracking":false,"_exactmetrics_sitenote_active":false,"_exactmetrics_sitenote_note":"","_exactmetrics_sitenote_category":0,"ngg_post_thumbnail":0,"footnotes":""},"categories":[115],"tags":[],"class_list":["post-51853","post","type-post","status-publish","format-standard","has-post-thumbnail","hentry","category-acontece"],"_links":{"self":[{"href":"https:\/\/www.diasdavilaacontece.com\/index.php?rest_route=\/wp\/v2\/posts\/51853","targetHints":{"allow":["GET"]}}],"collection":[{"href":"https:\/\/www.diasdavilaacontece.com\/index.php?rest_route=\/wp\/v2\/posts"}],"about":[{"href":"https:\/\/www.diasdavilaacontece.com\/index.php?rest_route=\/wp\/v2\/types\/post"}],"author":[{"embeddable":true,"href":"https:\/\/www.diasdavilaacontece.com\/index.php?rest_route=\/wp\/v2\/users\/1"}],"replies":[{"embeddable":true,"href":"https:\/\/www.diasdavilaacontece.com\/index.php?rest_route=%2Fwp%2Fv2%2Fcomments&post=51853"}],"version-history":[{"count":1,"href":"https:\/\/www.diasdavilaacontece.com\/index.php?rest_route=\/wp\/v2\/posts\/51853\/revisions"}],"predecessor-version":[{"id":51855,"href":"https:\/\/www.diasdavilaacontece.com\/index.php?rest_route=\/wp\/v2\/posts\/51853\/revisions\/51855"}],"wp:featuredmedia":[{"embeddable":true,"href":"https:\/\/www.diasdavilaacontece.com\/index.php?rest_route=\/wp\/v2\/media\/51854"}],"wp:attachment":[{"href":"https:\/\/www.diasdavilaacontece.com\/index.php?rest_route=%2Fwp%2Fv2%2Fmedia&parent=51853"}],"wp:term":[{"taxonomy":"category","embeddable":true,"href":"https:\/\/www.diasdavilaacontece.com\/index.php?rest_route=%2Fwp%2Fv2%2Fcategories&post=51853"},{"taxonomy":"post_tag","embeddable":true,"href":"https:\/\/www.diasdavilaacontece.com\/index.php?rest_route=%2Fwp%2Fv2%2Ftags&post=51853"}],"curies":[{"name":"wp","href":"https:\/\/api.w.org\/{rel}","templated":true}]}}