{"id":51862,"date":"2026-03-14T14:57:59","date_gmt":"2026-03-14T14:57:59","guid":{"rendered":"https:\/\/www.diasdavilaacontece.com\/?p=51862"},"modified":"2026-03-14T14:57:59","modified_gmt":"2026-03-14T14:57:59","slug":"vereador-marant-promove-curso-de-sobrancelhas","status":"publish","type":"post","link":"https:\/\/www.diasdavilaacontece.com\/?p=51862","title":{"rendered":"VEREADOR MARANT PROMOVE CURSO DE SOBRANCELHAS"},"content":{"rendered":"<p>Chegou a oportunidade para voc\u00ea que deseja se qualificar na \u00e1rea da est\u00e9tica, conquistar sua independ\u00eancia financeira e elevar a autoestima das pessoas atrav\u00e9s da beleza.<\/p>\n<p>A MVP Cursos est\u00e1 trazendo para Dias D\u2019\u00c1vila o Curso de Designer de Sobrancelhas, ideal para quem deseja aprender uma nova profiss\u00e3o e ingressar no mercado de trabalho ou abrir o pr\u00f3prio neg\u00f3cio.<\/p>\n<p>\u2705 Curso 100% gratuito<br \/>\n\u2705 Certifica\u00e7\u00e3o v\u00e1lida em todo o territ\u00f3rio nacional<br \/>\n\u2705 Encaminhamento curricular dos alunos ap\u00f3s o curso<\/p>\n<p>\u2705 Vagas limitadas<br \/>\n\ud83d\udcc5 Data das inscri\u00e7\u00f5es: 19\/03 (quinta-feira)<br \/>\n\u23f0 Hor\u00e1rio: 9h da manh\u00e3<br \/>\n\ud83d\udccd Local: C\u00e2mara de Vereadores de Dias D\u2019\u00c1vila<br \/>\n\ud83d\udccc Inscri\u00e7\u00f5es por ordem de chegada<\/p>\n<p>N\u00e3o perca essa oportunidade de se qualificar profissionalmente e aumentar suas chances de conquistar uma vaga no mercado de trabalho.<\/p>\n<p>Realiza\u00e7\u00e3o: MVP Cursos juntamente com nosso amigo e vereador Marant Azevedo!<\/p>\n<h3>Related Images:<\/h3>","protected":false},"excerpt":{"rendered":"<p>Chegou a oportunidade para voc\u00ea que deseja se qualificar na \u00e1rea da est\u00e9tica, conquistar sua&#8230;<\/p>\n","protected":false},"author":1,"featured_media":51863,"comment_status":"closed","ping_status":"open","sticky":false,"template":"","format":"standard","meta":{"sfsi_plus_gutenberg_text_before_share":"","sfsi_plus_gutenberg_show_text_before_share":"","sfsi_plus_gutenberg_icon_type":"","sfsi_plus_gutenberg_icon_alignemt":"","sfsi_plus_gutenburg_max_per_row":"","_exactmetrics_skip_tracking":false,"_exactmetrics_sitenote_active":false,"_exactmetrics_sitenote_note":"","_exactmetrics_sitenote_category":0,"ngg_post_thumbnail":0,"footnotes":""},"categories":[5],"tags":[],"class_list":["post-51862","post","type-post","status-publish","format-standard","has-post-thumbnail","hentry","category-destaques"],"_links":{"self":[{"href":"https:\/\/www.diasdavilaacontece.com\/index.php?rest_route=\/wp\/v2\/posts\/51862","targetHints":{"allow":["GET"]}}],"collection":[{"href":"https:\/\/www.diasdavilaacontece.com\/index.php?rest_route=\/wp\/v2\/posts"}],"about":[{"href":"https:\/\/www.diasdavilaacontece.com\/index.php?rest_route=\/wp\/v2\/types\/post"}],"author":[{"embeddable":true,"href":"https:\/\/www.diasdavilaacontece.com\/index.php?rest_route=\/wp\/v2\/users\/1"}],"replies":[{"embeddable":true,"href":"https:\/\/www.diasdavilaacontece.com\/index.php?rest_route=%2Fwp%2Fv2%2Fcomments&post=51862"}],"version-history":[{"count":1,"href":"https:\/\/www.diasdavilaacontece.com\/index.php?rest_route=\/wp\/v2\/posts\/51862\/revisions"}],"predecessor-version":[{"id":51864,"href":"https:\/\/www.diasdavilaacontece.com\/index.php?rest_route=\/wp\/v2\/posts\/51862\/revisions\/51864"}],"wp:featuredmedia":[{"embeddable":true,"href":"https:\/\/www.diasdavilaacontece.com\/index.php?rest_route=\/wp\/v2\/media\/51863"}],"wp:attachment":[{"href":"https:\/\/www.diasdavilaacontece.com\/index.php?rest_route=%2Fwp%2Fv2%2Fmedia&parent=51862"}],"wp:term":[{"taxonomy":"category","embeddable":true,"href":"https:\/\/www.diasdavilaacontece.com\/index.php?rest_route=%2Fwp%2Fv2%2Fcategories&post=51862"},{"taxonomy":"post_tag","embeddable":true,"href":"https:\/\/www.diasdavilaacontece.com\/index.php?rest_route=%2Fwp%2Fv2%2Ftags&post=51862"}],"curies":[{"name":"wp","href":"https:\/\/api.w.org\/{rel}","templated":true}]}}