{"id":52037,"date":"2026-03-27T20:39:46","date_gmt":"2026-03-27T20:39:46","guid":{"rendered":"https:\/\/www.diasdavilaacontece.com\/?p=52037"},"modified":"2026-03-27T20:39:46","modified_gmt":"2026-03-27T20:39:46","slug":"prefeitura-de-dias-davila-anuncia-datas-para-entrega-dos-kits-da-cesta-santa","status":"publish","type":"post","link":"https:\/\/www.diasdavilaacontece.com\/?p=52037","title":{"rendered":"PREFEITURA DE DIAS D&#8217;\u00c1VILA ANUNCIA DATAS PARA ENTREGA DOS &#8216;KITS DA CESTA SANTA&#8217;"},"content":{"rendered":"<p>A Prefeitura de Dias d\u2019\u00c1vila, por meio da SEDES, realiza a entrega dos Kits da Cesta Santa, garantindo alimento na mesa das fam\u00edlias durante esse per\u00edodo t\u00e3o especial.<\/p>\n<p>\ud83d\udccd *Zona Rural e Distritos*<br \/>\n\ud83d\uddd3 30\/03, a partir das 8h<br \/>\n\ud83d\udccc Escolas e associa\u00e7\u00f5es<\/p>\n<p>\ud83d\udccd *Sede (Gin\u00e1sio Jos\u00e9 da Cruz Azevedo)*<br \/>\n\ud83d\uddd3 31\/03 \u2014 das 8h \u00e0s 12h e das 13h \u00e0s 16h<br \/>\n\ud83d\uddd3 01\/04 \u2014 das 8h \u00e0s 14h<\/p>\n<p>\ud83e\udd58 *Composi\u00e7\u00e3o do kit alimentar:*<br \/>\n\u2714\ufe0f 2kg de peixe<br \/>\n\u2714\ufe0f 1kg de arroz<br \/>\n\u2714\ufe0f 1kg de feij\u00e3o fradinho<br \/>\n\u2714\ufe0f 1kg de farinha<br \/>\n\u2714\ufe0f 200ml de azeite de dend\u00ea<br \/>\n\u2714\ufe0f 200ml de leite de coco<\/p>\n<p>\u26a0\ufe0f *A apresenta\u00e7\u00e3o do ticket \u00e9 OBRIGAT\u00d3RIA para retirada do kit da Cesta Santa.* \u26a0\ufe0f<\/p>\n<h3>Related Images:<\/h3>","protected":false},"excerpt":{"rendered":"<p>A Prefeitura de Dias d\u2019\u00c1vila, por meio da SEDES, realiza a entrega dos Kits da&#8230;<\/p>\n","protected":false},"author":1,"featured_media":51703,"comment_status":"closed","ping_status":"open","sticky":false,"template":"","format":"standard","meta":{"sfsi_plus_gutenberg_text_before_share":"","sfsi_plus_gutenberg_show_text_before_share":"","sfsi_plus_gutenberg_icon_type":"","sfsi_plus_gutenberg_icon_alignemt":"","sfsi_plus_gutenburg_max_per_row":"","_exactmetrics_skip_tracking":false,"_exactmetrics_sitenote_active":false,"_exactmetrics_sitenote_note":"","_exactmetrics_sitenote_category":0,"ngg_post_thumbnail":0,"footnotes":""},"categories":[56],"tags":[],"class_list":["post-52037","post","type-post","status-publish","format-standard","has-post-thumbnail","hentry","category-dias-davila"],"_links":{"self":[{"href":"https:\/\/www.diasdavilaacontece.com\/index.php?rest_route=\/wp\/v2\/posts\/52037","targetHints":{"allow":["GET"]}}],"collection":[{"href":"https:\/\/www.diasdavilaacontece.com\/index.php?rest_route=\/wp\/v2\/posts"}],"about":[{"href":"https:\/\/www.diasdavilaacontece.com\/index.php?rest_route=\/wp\/v2\/types\/post"}],"author":[{"embeddable":true,"href":"https:\/\/www.diasdavilaacontece.com\/index.php?rest_route=\/wp\/v2\/users\/1"}],"replies":[{"embeddable":true,"href":"https:\/\/www.diasdavilaacontece.com\/index.php?rest_route=%2Fwp%2Fv2%2Fcomments&post=52037"}],"version-history":[{"count":1,"href":"https:\/\/www.diasdavilaacontece.com\/index.php?rest_route=\/wp\/v2\/posts\/52037\/revisions"}],"predecessor-version":[{"id":52038,"href":"https:\/\/www.diasdavilaacontece.com\/index.php?rest_route=\/wp\/v2\/posts\/52037\/revisions\/52038"}],"wp:featuredmedia":[{"embeddable":true,"href":"https:\/\/www.diasdavilaacontece.com\/index.php?rest_route=\/wp\/v2\/media\/51703"}],"wp:attachment":[{"href":"https:\/\/www.diasdavilaacontece.com\/index.php?rest_route=%2Fwp%2Fv2%2Fmedia&parent=52037"}],"wp:term":[{"taxonomy":"category","embeddable":true,"href":"https:\/\/www.diasdavilaacontece.com\/index.php?rest_route=%2Fwp%2Fv2%2Fcategories&post=52037"},{"taxonomy":"post_tag","embeddable":true,"href":"https:\/\/www.diasdavilaacontece.com\/index.php?rest_route=%2Fwp%2Fv2%2Ftags&post=52037"}],"curies":[{"name":"wp","href":"https:\/\/api.w.org\/{rel}","templated":true}]}}