{"id":52039,"date":"2026-03-27T20:49:25","date_gmt":"2026-03-27T20:49:25","guid":{"rendered":"https:\/\/www.diasdavilaacontece.com\/?p=52039"},"modified":"2026-03-27T20:49:25","modified_gmt":"2026-03-27T20:49:25","slug":"espetaculo-a-paixao-de-cristo-acontece-na-praca-acm-dia-31-de-marco-e-1-de-abril","status":"publish","type":"post","link":"https:\/\/www.diasdavilaacontece.com\/?p=52039","title":{"rendered":"ESPET\u00c1CULO &#8216;A PAIX\u00c3O DE CRISTO&#8217; ACONTECE NA PRA\u00c7A ACM  DIA 31 DE MAR\u00c7O E 1 DE ABRIL"},"content":{"rendered":"<p>A Prefeitura de Dias d&#8217;\u00c1vila avisa que a emo\u00e7\u00e3o da Paix\u00e3o de Cristo est\u00e1 chegando, e lembra a voc\u00ea de n\u00e3o perder esse grande espet\u00e1culo que promete tocar cora\u00e7\u00f5es e fortalecer a nossa f\u00e9. \u2728\ud83c\udfad<\/p>\n<p>Re\u00fana a fam\u00edlia e venha viver esse momento especial de reflex\u00e3o e emo\u00e7\u00e3o.<\/p>\n<p>\ud83d\udccd Pra\u00e7a ACM<br \/>\n\ud83d\udcc5 31 de mar\u00e7o e 01 de abril<br \/>\n\ud83d\udd55 \u00c0s 18h<\/p>\n<h3>Related Images:<\/h3>","protected":false},"excerpt":{"rendered":"<p>A Prefeitura de Dias d&#8217;\u00c1vila avisa que a emo\u00e7\u00e3o da Paix\u00e3o de Cristo est\u00e1 chegando,&#8230;<\/p>\n","protected":false},"author":1,"featured_media":52040,"comment_status":"closed","ping_status":"open","sticky":false,"template":"","format":"standard","meta":{"sfsi_plus_gutenberg_text_before_share":"","sfsi_plus_gutenberg_show_text_before_share":"","sfsi_plus_gutenberg_icon_type":"","sfsi_plus_gutenberg_icon_alignemt":"","sfsi_plus_gutenburg_max_per_row":"","_exactmetrics_skip_tracking":false,"_exactmetrics_sitenote_active":false,"_exactmetrics_sitenote_note":"","_exactmetrics_sitenote_category":0,"ngg_post_thumbnail":0,"footnotes":""},"categories":[56],"tags":[],"class_list":["post-52039","post","type-post","status-publish","format-standard","has-post-thumbnail","hentry","category-dias-davila"],"_links":{"self":[{"href":"https:\/\/www.diasdavilaacontece.com\/index.php?rest_route=\/wp\/v2\/posts\/52039","targetHints":{"allow":["GET"]}}],"collection":[{"href":"https:\/\/www.diasdavilaacontece.com\/index.php?rest_route=\/wp\/v2\/posts"}],"about":[{"href":"https:\/\/www.diasdavilaacontece.com\/index.php?rest_route=\/wp\/v2\/types\/post"}],"author":[{"embeddable":true,"href":"https:\/\/www.diasdavilaacontece.com\/index.php?rest_route=\/wp\/v2\/users\/1"}],"replies":[{"embeddable":true,"href":"https:\/\/www.diasdavilaacontece.com\/index.php?rest_route=%2Fwp%2Fv2%2Fcomments&post=52039"}],"version-history":[{"count":1,"href":"https:\/\/www.diasdavilaacontece.com\/index.php?rest_route=\/wp\/v2\/posts\/52039\/revisions"}],"predecessor-version":[{"id":52041,"href":"https:\/\/www.diasdavilaacontece.com\/index.php?rest_route=\/wp\/v2\/posts\/52039\/revisions\/52041"}],"wp:featuredmedia":[{"embeddable":true,"href":"https:\/\/www.diasdavilaacontece.com\/index.php?rest_route=\/wp\/v2\/media\/52040"}],"wp:attachment":[{"href":"https:\/\/www.diasdavilaacontece.com\/index.php?rest_route=%2Fwp%2Fv2%2Fmedia&parent=52039"}],"wp:term":[{"taxonomy":"category","embeddable":true,"href":"https:\/\/www.diasdavilaacontece.com\/index.php?rest_route=%2Fwp%2Fv2%2Fcategories&post=52039"},{"taxonomy":"post_tag","embeddable":true,"href":"https:\/\/www.diasdavilaacontece.com\/index.php?rest_route=%2Fwp%2Fv2%2Ftags&post=52039"}],"curies":[{"name":"wp","href":"https:\/\/api.w.org\/{rel}","templated":true}]}}