{"id":52063,"date":"2026-03-28T19:11:06","date_gmt":"2026-03-28T19:11:06","guid":{"rendered":"https:\/\/www.diasdavilaacontece.com\/?p=52063"},"modified":"2026-03-28T19:11:06","modified_gmt":"2026-03-28T19:11:06","slug":"vereadores-irmao-edvaldo-e-cruel-melhorias-na-iluminacao-da-concordia-garantem-mais-seguranca-para-a-populacao","status":"publish","type":"post","link":"https:\/\/www.diasdavilaacontece.com\/?p=52063","title":{"rendered":"VEREADORES IRM\u00c3O EDVALDO E CRUEL: MELHORIAS NA ILUMINA\u00c7\u00c3O DA CONC\u00d3RDIA GARANTEM MAIS SEGURAN\u00c7A PARA A POPULA\u00c7\u00c3O"},"content":{"rendered":"<p>Os vereadores <strong>Irm\u00e3o Edvaldo (PSDB)<\/strong> e <strong>Cruel (PP)<\/strong> se uniram para <strong>levar melhorias \u00e0 ilumina\u00e7\u00e3o p\u00fablica do Bairro Conc\u00f3rdia<\/strong>! \ud83c\udf1f A proposta, que conta com o <strong>apoio do prefeito Alberto Castro (PSDB)<\/strong> e do vice-prefeito <strong>Van da Farm\u00e1cia (Republicanos)<\/strong>, prev\u00ea a <strong>troca das l\u00e2mpadas convencionais por l\u00e2mpadas LED<\/strong>, que oferecem <strong>mais ilumina\u00e7\u00e3o, economia de energia e maior seguran\u00e7a<\/strong> para quem transita \u00e0 noite.<\/p>\n<p><strong>&#8220;Uma ilumina\u00e7\u00e3o de qualidade faz toda a diferen\u00e7a na seguran\u00e7a e na qualidade de vida das pessoas. Com as l\u00e2mpadas LED, a Conc\u00f3rdia vai ficar mais clara, mais segura e mais moderna!&#8221;<\/strong> \u2014 <strong>Irm\u00e3o Edvaldo<\/strong>.<\/p>\n<p>\ud83d\udd26 <strong>Por que isso \u00e9 importante?<\/strong><br \/>\n\u2705 <strong>Mais seguran\u00e7a<\/strong> para pedestres e moradores;<br \/>\n\u2705 <strong>Economia de energia<\/strong> para o munic\u00edpio;<br \/>\n\u2705 <strong>Ilumina\u00e7\u00e3o mais eficiente<\/strong> e duradoura;<br \/>\n\u2705 <strong>Valoriza\u00e7\u00e3o do bairro<\/strong> e da cidade.<\/p>\n<p>O empenho dos vereadores mostra como o <strong>trabalho em equipe<\/strong> pode transformar Dias d\u2019\u00c1vila em um lugar <strong>cada vez melhor para se viver<\/strong>. <strong>&#8220;Nosso compromisso \u00e9 ouvir a popula\u00e7\u00e3o e lutar por melhorias que fa\u00e7am a diferen\u00e7a no dia a dia de todos!&#8221;<\/strong> \u2014 <strong>Disse Irm\u00e3o Edvaldo<\/strong>.<\/p>\n<p>\ud83d\udc99 <strong>Dias d\u2019\u00c1vila merece!<\/strong> Mais a\u00e7\u00f5es como essa est\u00e3o por vir. \ud83c\udfd9\ufe0f\u2728<\/p>\n<p>&nbsp;<\/p>\n<p>#Diasd\u00c1vila #Ilumina\u00e7\u00e3oLED #Seguran\u00e7a #Irm\u00e3oEdvaldo #Cruel #AlbertoCastro #Melhorias #PSDB #PP<\/p>\n<h3>Related Images:<\/h3>","protected":false},"excerpt":{"rendered":"<p>Os vereadores Irm\u00e3o Edvaldo (PSDB) e Cruel (PP) se uniram para levar melhorias \u00e0 ilumina\u00e7\u00e3o&#8230;<\/p>\n","protected":false},"author":1,"featured_media":52064,"comment_status":"closed","ping_status":"open","sticky":false,"template":"","format":"standard","meta":{"sfsi_plus_gutenberg_text_before_share":"","sfsi_plus_gutenberg_show_text_before_share":"","sfsi_plus_gutenberg_icon_type":"","sfsi_plus_gutenberg_icon_alignemt":"","sfsi_plus_gutenburg_max_per_row":"","_exactmetrics_skip_tracking":false,"_exactmetrics_sitenote_active":false,"_exactmetrics_sitenote_note":"","_exactmetrics_sitenote_category":0,"ngg_post_thumbnail":0,"footnotes":""},"categories":[5],"tags":[],"class_list":["post-52063","post","type-post","status-publish","format-standard","has-post-thumbnail","hentry","category-destaques"],"_links":{"self":[{"href":"https:\/\/www.diasdavilaacontece.com\/index.php?rest_route=\/wp\/v2\/posts\/52063","targetHints":{"allow":["GET"]}}],"collection":[{"href":"https:\/\/www.diasdavilaacontece.com\/index.php?rest_route=\/wp\/v2\/posts"}],"about":[{"href":"https:\/\/www.diasdavilaacontece.com\/index.php?rest_route=\/wp\/v2\/types\/post"}],"author":[{"embeddable":true,"href":"https:\/\/www.diasdavilaacontece.com\/index.php?rest_route=\/wp\/v2\/users\/1"}],"replies":[{"embeddable":true,"href":"https:\/\/www.diasdavilaacontece.com\/index.php?rest_route=%2Fwp%2Fv2%2Fcomments&post=52063"}],"version-history":[{"count":1,"href":"https:\/\/www.diasdavilaacontece.com\/index.php?rest_route=\/wp\/v2\/posts\/52063\/revisions"}],"predecessor-version":[{"id":52065,"href":"https:\/\/www.diasdavilaacontece.com\/index.php?rest_route=\/wp\/v2\/posts\/52063\/revisions\/52065"}],"wp:featuredmedia":[{"embeddable":true,"href":"https:\/\/www.diasdavilaacontece.com\/index.php?rest_route=\/wp\/v2\/media\/52064"}],"wp:attachment":[{"href":"https:\/\/www.diasdavilaacontece.com\/index.php?rest_route=%2Fwp%2Fv2%2Fmedia&parent=52063"}],"wp:term":[{"taxonomy":"category","embeddable":true,"href":"https:\/\/www.diasdavilaacontece.com\/index.php?rest_route=%2Fwp%2Fv2%2Fcategories&post=52063"},{"taxonomy":"post_tag","embeddable":true,"href":"https:\/\/www.diasdavilaacontece.com\/index.php?rest_route=%2Fwp%2Fv2%2Ftags&post=52063"}],"curies":[{"name":"wp","href":"https:\/\/api.w.org\/{rel}","templated":true}]}}