{"id":52375,"date":"2026-04-24T12:28:10","date_gmt":"2026-04-24T12:28:10","guid":{"rendered":"https:\/\/www.diasdavilaacontece.com\/?p=52375"},"modified":"2026-04-24T12:28:10","modified_gmt":"2026-04-24T12:28:10","slug":"cerca-de-450-mil-eleitores-estao-com-o-titulo-cancelado-na-bahia","status":"publish","type":"post","link":"https:\/\/www.diasdavilaacontece.com\/?p=52375","title":{"rendered":"CERCA DE 450 MIL ELEITORES EST\u00c3O COM O T\u00cdTULO CANCELADO NA BAHIA"},"content":{"rendered":"<div id=\"firstHalf\">\n<p>Cerca de 453 mil eleitores est\u00e3o com o t\u00edtulo cancelado na Bahia, segundo dados do Portal de BI do Tribunal Regional Eleitoral (TRE-BA). A regulariza\u00e7\u00e3o do documento pode ser feita de forma presencial, comparecendo a qualquer cart\u00f3rio eleitoral ou unidade de atendimento da Justi\u00e7a Eleitoral no estado baiano at\u00e9 6 de maio. Ap\u00f3s essa data, o cadastro eleitoral ser\u00e1 fechado.O \u00f3rg\u00e3o ainda refor\u00e7a a possibilidade de&nbsp;fazer o servi\u00e7o sem sair de casa, de forma on-line, por meio do Autoatendimento Eleitoral, dispon\u00edvel no portal do Tribunal. Para votar nas elei\u00e7\u00f5es marcadas para o pr\u00f3ximo dia 4 de oubturo, \u00e9 nececess\u00e1rio que este&nbsp;documento esteja regular, tamb\u00e9m para&nbsp;evitar restri\u00e7\u00f5es em atividades p\u00fablicas e privadas que exigem comprova\u00e7\u00e3o de quita\u00e7\u00e3o eleitoral.<\/p>\n<p>Dentre as san\u00e7\u00f5es para quem tem seu t\u00edtulo cancelado, est\u00e3o a proibi\u00e7\u00e3o de emitir passaporte, tomar posse em cargo p\u00fablico erenovar a matr\u00edcula em institui\u00e7\u00e3o de ensino. Para regulariza\u00e7\u00e3o do documento, \u00e9 necess\u00e1rio apresentar, no atendimento, comprovante de resid\u00eancia emitido h\u00e1, no m\u00e1ximo, tr\u00eas meses, e documento de identifica\u00e7\u00e3o com foto.<\/p>\n<\/div>\n<div id=\"secondHalf\">\n<p>Al\u00e9m dos Cart\u00f3rios Eleitorais, das Centrais de Atendimento ao P\u00fablico (CAP), tanto em Salvador quanto em outras cidades do interior do Estado, \u00e9 poss\u00edvel procurar os servi\u00e7os da Justi\u00e7a Eleitoral nos postos do SAC &#8211; Servi\u00e7o de Atendimento ao Cidad\u00e3o.<\/p>\n<\/div>\n<h3>Related Images:<\/h3>","protected":false},"excerpt":{"rendered":"<p>Cerca de 453 mil eleitores est\u00e3o com o t\u00edtulo cancelado na Bahia, segundo dados do&#8230;<\/p>\n","protected":false},"author":1,"featured_media":52376,"comment_status":"closed","ping_status":"open","sticky":false,"template":"","format":"standard","meta":{"sfsi_plus_gutenberg_text_before_share":"","sfsi_plus_gutenberg_show_text_before_share":"","sfsi_plus_gutenberg_icon_type":"","sfsi_plus_gutenberg_icon_alignemt":"","sfsi_plus_gutenburg_max_per_row":"","_exactmetrics_skip_tracking":false,"_exactmetrics_sitenote_active":false,"_exactmetrics_sitenote_note":"","_exactmetrics_sitenote_category":0,"ngg_post_thumbnail":0,"footnotes":""},"categories":[115],"tags":[],"class_list":["post-52375","post","type-post","status-publish","format-standard","has-post-thumbnail","hentry","category-acontece"],"_links":{"self":[{"href":"https:\/\/www.diasdavilaacontece.com\/index.php?rest_route=\/wp\/v2\/posts\/52375","targetHints":{"allow":["GET"]}}],"collection":[{"href":"https:\/\/www.diasdavilaacontece.com\/index.php?rest_route=\/wp\/v2\/posts"}],"about":[{"href":"https:\/\/www.diasdavilaacontece.com\/index.php?rest_route=\/wp\/v2\/types\/post"}],"author":[{"embeddable":true,"href":"https:\/\/www.diasdavilaacontece.com\/index.php?rest_route=\/wp\/v2\/users\/1"}],"replies":[{"embeddable":true,"href":"https:\/\/www.diasdavilaacontece.com\/index.php?rest_route=%2Fwp%2Fv2%2Fcomments&post=52375"}],"version-history":[{"count":1,"href":"https:\/\/www.diasdavilaacontece.com\/index.php?rest_route=\/wp\/v2\/posts\/52375\/revisions"}],"predecessor-version":[{"id":52377,"href":"https:\/\/www.diasdavilaacontece.com\/index.php?rest_route=\/wp\/v2\/posts\/52375\/revisions\/52377"}],"wp:featuredmedia":[{"embeddable":true,"href":"https:\/\/www.diasdavilaacontece.com\/index.php?rest_route=\/wp\/v2\/media\/52376"}],"wp:attachment":[{"href":"https:\/\/www.diasdavilaacontece.com\/index.php?rest_route=%2Fwp%2Fv2%2Fmedia&parent=52375"}],"wp:term":[{"taxonomy":"category","embeddable":true,"href":"https:\/\/www.diasdavilaacontece.com\/index.php?rest_route=%2Fwp%2Fv2%2Fcategories&post=52375"},{"taxonomy":"post_tag","embeddable":true,"href":"https:\/\/www.diasdavilaacontece.com\/index.php?rest_route=%2Fwp%2Fv2%2Ftags&post=52375"}],"curies":[{"name":"wp","href":"https:\/\/api.w.org\/{rel}","templated":true}]}}