{"id":52385,"date":"2026-04-26T11:47:20","date_gmt":"2026-04-26T11:47:20","guid":{"rendered":"https:\/\/www.diasdavilaacontece.com\/?p=52385"},"modified":"2026-04-26T11:47:20","modified_gmt":"2026-04-26T11:47:20","slug":"morre-o-segundo-paciente-que-perdeu-a-visao-apos-procedimento-em-clinica-na-cidade-de-irece","status":"publish","type":"post","link":"https:\/\/www.diasdavilaacontece.com\/?p=52385","title":{"rendered":"MORRE O SEGUNDO PACIENTE QUE PERDEU A VIS\u00c3O AP\u00d3S PROCEDIMENTO EM CLINICA NA CIDADE DE IREC\u00ca"},"content":{"rendered":"<p>Morreu nesta sexta-feira (24), mais um paciente que realizou procedimento na Cl\u00ednica Ceon, em Irec\u00ea, na Bahia. A informa\u00e7\u00e3o foi anunciada pela filha de outro paciente que perdeu a vis\u00e3o depois de receber a aplica\u00e7\u00e3o de uma medica\u00e7\u00e3o na mesma unidade.<\/p>\n<p>O idoso deu entrada no Hospital Regional pela amanh\u00e3 e o \u00f3bito foi confirmado no final da tarde. De acordo com a fonte, o idoso tinha uma vida ativa e depois que&nbsp;perdeu a vis\u00e3o&nbsp;de um olho ap\u00f3s o procedimento, &#8220;n\u00e3o teve mais sa\u00fade&#8221;. Al\u00e9m disso, afirmou que assim como fizeram com o pai dela, a cl\u00ednica informou que a vis\u00e3o voltaria.<\/p>\n<div class=\"mb-3 veja_mais_inject\">\n<div class=\"row\">\n<div class=\"col-12 col-md-6 py-2 py-sm-0\" data-vejamais=\"625007\">\n<div class=\"row p-0 m-0\">&nbsp;<\/div>\n<\/div>\n<div class=\"col-12 col-md-6 py-2 py-sm-0\" data-vejamais=\"625500\">\n<div class=\"row p-0 m-0\">\n<div class=\"col p-0 m-0\">\n<p>Pai e filha est\u00e3o em&nbsp;disputa judicial&nbsp;com a cl\u00ednica desde o ocorrido. A filha informou que o juiz j\u00e1 concedeu uma liminar para que a clinica reembolse todos os gastos que eles est\u00e3o arcando para tratar o olho do paciente em outras unidades, mas como existe um processo em andamento com mais pacientes envolvidos, a cl\u00ednica alega que os pagamentos s\u00f3 ser\u00e3o realizados ap\u00f3s o fim do processo.<\/p>\n<\/div>\n<\/div>\n<\/div>\n<\/div>\n<\/div>\n<p>No dia 31 de mar\u00e7o deste ano, Gilberto Pereira Pontes, 72 anos, paciente da cl\u00ednica, faleceu ap\u00f3s ficar cego dos dois olhos.&nbsp;Cerca de 10 pacientes apresentaram problema ap\u00f3s aplica\u00e7\u00e3o realizada na cl\u00ednica e entraram na justi\u00e7a contra a institui\u00e7\u00e3o.<\/p>\n<p>A Cl\u00ednica Ceon n\u00e3o foi a publico fazer a sua defesa e nem comentar o acontecido. Seguimos com espa\u00e7o aberto para poss\u00edveis justificativas.<\/p>\n<p>&nbsp;<\/p>\n<p>.<\/p>\n<p>Fonte &#8211; BNews<\/p>\n<h3>Related Images:<\/h3>","protected":false},"excerpt":{"rendered":"<p>Morreu nesta sexta-feira (24), mais um paciente que realizou procedimento na Cl\u00ednica Ceon, em Irec\u00ea,&#8230;<\/p>\n","protected":false},"author":1,"featured_media":52386,"comment_status":"closed","ping_status":"open","sticky":false,"template":"","format":"standard","meta":{"sfsi_plus_gutenberg_text_before_share":"","sfsi_plus_gutenberg_show_text_before_share":"","sfsi_plus_gutenberg_icon_type":"","sfsi_plus_gutenberg_icon_alignemt":"","sfsi_plus_gutenburg_max_per_row":"","_exactmetrics_skip_tracking":false,"_exactmetrics_sitenote_active":false,"_exactmetrics_sitenote_note":"","_exactmetrics_sitenote_category":0,"ngg_post_thumbnail":0,"footnotes":""},"categories":[115],"tags":[],"class_list":["post-52385","post","type-post","status-publish","format-standard","has-post-thumbnail","hentry","category-acontece"],"_links":{"self":[{"href":"https:\/\/www.diasdavilaacontece.com\/index.php?rest_route=\/wp\/v2\/posts\/52385","targetHints":{"allow":["GET"]}}],"collection":[{"href":"https:\/\/www.diasdavilaacontece.com\/index.php?rest_route=\/wp\/v2\/posts"}],"about":[{"href":"https:\/\/www.diasdavilaacontece.com\/index.php?rest_route=\/wp\/v2\/types\/post"}],"author":[{"embeddable":true,"href":"https:\/\/www.diasdavilaacontece.com\/index.php?rest_route=\/wp\/v2\/users\/1"}],"replies":[{"embeddable":true,"href":"https:\/\/www.diasdavilaacontece.com\/index.php?rest_route=%2Fwp%2Fv2%2Fcomments&post=52385"}],"version-history":[{"count":1,"href":"https:\/\/www.diasdavilaacontece.com\/index.php?rest_route=\/wp\/v2\/posts\/52385\/revisions"}],"predecessor-version":[{"id":52387,"href":"https:\/\/www.diasdavilaacontece.com\/index.php?rest_route=\/wp\/v2\/posts\/52385\/revisions\/52387"}],"wp:featuredmedia":[{"embeddable":true,"href":"https:\/\/www.diasdavilaacontece.com\/index.php?rest_route=\/wp\/v2\/media\/52386"}],"wp:attachment":[{"href":"https:\/\/www.diasdavilaacontece.com\/index.php?rest_route=%2Fwp%2Fv2%2Fmedia&parent=52385"}],"wp:term":[{"taxonomy":"category","embeddable":true,"href":"https:\/\/www.diasdavilaacontece.com\/index.php?rest_route=%2Fwp%2Fv2%2Fcategories&post=52385"},{"taxonomy":"post_tag","embeddable":true,"href":"https:\/\/www.diasdavilaacontece.com\/index.php?rest_route=%2Fwp%2Fv2%2Ftags&post=52385"}],"curies":[{"name":"wp","href":"https:\/\/api.w.org\/{rel}","templated":true}]}}