{"id":52389,"date":"2026-04-26T12:04:12","date_gmt":"2026-04-26T12:04:12","guid":{"rendered":"https:\/\/www.diasdavilaacontece.com\/?p=52389"},"modified":"2026-04-26T12:04:12","modified_gmt":"2026-04-26T12:04:12","slug":"aluna-do-eja-denuncia-professor-da-rede-estadual-que-ficou-nu-em-sala-de-aula-em-juazeiro","status":"publish","type":"post","link":"https:\/\/www.diasdavilaacontece.com\/?p=52389","title":{"rendered":"ALUNA DO EJA DENUNCIA PROFESSOR DA REDE ESTADUAL QUE FICOU N\u00da EM SALA DE AULA EM JUAZEIRO"},"content":{"rendered":"<p>Um&nbsp;professor do Col\u00e9gio Estadual Artur Oliveira, em Juazeiro, foi afastado temporariamente ap\u00f3s ser acusado de comportamento inadequado&nbsp;dentro da sala de aula. O docente teria tirado a roupa e ficado nu diante dos alunos durante uma aula realizada na \u00faltima quarta-feira (23).<\/p>\n<div class=\"mb-3 veja_mais_inject\">\n<div class=\"row\">\n<div class=\"col-12 col-md-6 py-2 py-sm-0\" data-vejamais=\"625500\">\n<div class=\"row p-0 m-0\">\n<div class=\"col p-0 m-0\">\n<p>A den\u00fancia foi feita por uma aluna de 23 anos, matriculada no 3\u00ba ano da Educa\u00e7\u00e3o de Jovens e Adultos (EJA), que afirmou ter sido a primeira vez em que o professor de Filosofia se exp\u00f4s fisicamente aos estudantes.&nbsp;<\/p>\n<\/div>\n<\/div>\n<\/div>\n<\/div>\n<\/div>\n<p>Apesar disso, segundo a aluna, o docente j\u00e1 apresentava condutas consideradas impr\u00f3prias desde que come\u00e7ou a atuar na unidade. De acordo com o relato, o professor frequentemente abordava temas relacionados \u00e0 sexualidade durante as aulas, mesmo sem rela\u00e7\u00e3o com o conte\u00fado da disciplina.<\/p>\n<p>Em nota \u00e0 imprensa, a Secretaria da Educa\u00e7\u00e3o do Estado da Bahia (SEC) informou que o professor foi afastado temporariamente ap\u00f3s o epis\u00f3dio e que a Corregedoria da pasta apura o caso para ado\u00e7\u00e3o das medidas cab\u00edveis.<\/p>\n<p>&#8220;A Secretaria da Educa\u00e7\u00e3o do Estado da Bahia (SEC) afastou temporiamente um professor que apresentou comportamento inadequado em sala de aula no Col\u00e9gio Estadual Artur Oliveira, em Juazeiro.A Corregedoria da SEC vai apurar o caso e adotar as medidas cab\u00edveis. A SEC refor\u00e7a seu compromisso com um ambiente de respeito, seguro, saud\u00e1vel e de bem-estar para toda a comunidade escolar e vai disponibilizar acompanhamento psicol\u00f3gico para os estudantes&#8221;, diz o comunicado da SEC.<\/p>\n<p>.<\/p>\n<p>Fonte &#8211; BNews<\/p>\n<h3>Related Images:<\/h3>","protected":false},"excerpt":{"rendered":"<p>Um&nbsp;professor do Col\u00e9gio Estadual Artur Oliveira, em Juazeiro, foi afastado temporariamente ap\u00f3s ser acusado de&#8230;<\/p>\n","protected":false},"author":1,"featured_media":52390,"comment_status":"closed","ping_status":"open","sticky":false,"template":"","format":"standard","meta":{"sfsi_plus_gutenberg_text_before_share":"","sfsi_plus_gutenberg_show_text_before_share":"","sfsi_plus_gutenberg_icon_type":"","sfsi_plus_gutenberg_icon_alignemt":"","sfsi_plus_gutenburg_max_per_row":"","_exactmetrics_skip_tracking":false,"_exactmetrics_sitenote_active":false,"_exactmetrics_sitenote_note":"","_exactmetrics_sitenote_category":0,"ngg_post_thumbnail":0,"footnotes":""},"categories":[115],"tags":[],"class_list":["post-52389","post","type-post","status-publish","format-standard","has-post-thumbnail","hentry","category-acontece"],"_links":{"self":[{"href":"https:\/\/www.diasdavilaacontece.com\/index.php?rest_route=\/wp\/v2\/posts\/52389","targetHints":{"allow":["GET"]}}],"collection":[{"href":"https:\/\/www.diasdavilaacontece.com\/index.php?rest_route=\/wp\/v2\/posts"}],"about":[{"href":"https:\/\/www.diasdavilaacontece.com\/index.php?rest_route=\/wp\/v2\/types\/post"}],"author":[{"embeddable":true,"href":"https:\/\/www.diasdavilaacontece.com\/index.php?rest_route=\/wp\/v2\/users\/1"}],"replies":[{"embeddable":true,"href":"https:\/\/www.diasdavilaacontece.com\/index.php?rest_route=%2Fwp%2Fv2%2Fcomments&post=52389"}],"version-history":[{"count":1,"href":"https:\/\/www.diasdavilaacontece.com\/index.php?rest_route=\/wp\/v2\/posts\/52389\/revisions"}],"predecessor-version":[{"id":52391,"href":"https:\/\/www.diasdavilaacontece.com\/index.php?rest_route=\/wp\/v2\/posts\/52389\/revisions\/52391"}],"wp:featuredmedia":[{"embeddable":true,"href":"https:\/\/www.diasdavilaacontece.com\/index.php?rest_route=\/wp\/v2\/media\/52390"}],"wp:attachment":[{"href":"https:\/\/www.diasdavilaacontece.com\/index.php?rest_route=%2Fwp%2Fv2%2Fmedia&parent=52389"}],"wp:term":[{"taxonomy":"category","embeddable":true,"href":"https:\/\/www.diasdavilaacontece.com\/index.php?rest_route=%2Fwp%2Fv2%2Fcategories&post=52389"},{"taxonomy":"post_tag","embeddable":true,"href":"https:\/\/www.diasdavilaacontece.com\/index.php?rest_route=%2Fwp%2Fv2%2Ftags&post=52389"}],"curies":[{"name":"wp","href":"https:\/\/api.w.org\/{rel}","templated":true}]}}