{"id":52392,"date":"2026-04-26T12:13:51","date_gmt":"2026-04-26T12:13:51","guid":{"rendered":"https:\/\/www.diasdavilaacontece.com\/?p=52392"},"modified":"2026-04-26T12:13:51","modified_gmt":"2026-04-26T12:13:51","slug":"prefeita-mamae-e-acusada-de-fraudar-matriculas-em-cidade-baiana","status":"publish","type":"post","link":"https:\/\/www.diasdavilaacontece.com\/?p=52392","title":{"rendered":"PREFEITA &#8216;MAM\u00c3E&#8217; \u00c9 ACUSADA DE FRAUDAR MATR\u00cdCULAS EM CIDADE BAIANA"},"content":{"rendered":"<p>Uma peti\u00e7\u00e3o preliminar do Minist\u00e9rio P\u00fablico Federal p\u00f5e em suspeita <strong>Vilma Gomes (MDB), conhecida como &#8220;A Mam\u00e3e&#8221;, n<\/strong>a gest\u00e3o da prefeitura de Cansan\u00e7\u00e3o. A acusa\u00e7\u00e3o relata um esquema de inser\u00e7\u00e3o de dados falsos no sistema educacional, que teria como objetivo o desvio de recursos federais e a utiliza\u00e7\u00e3o da m\u00e1quina p\u00fablica para fins eleitorais.&nbsp;O documento do MPF aponta uma anomalia nos dados da Educa\u00e7\u00e3o de Jovens e Adultos (EJA). Entre 2020 e 2024, o n\u00famero de alunos saltou de <strong>2.260 para 7.796<\/strong> \u2014 um aumento real de 244%. De acordo com os procuradores, esse crescimento \u00e9 &#8220;estatisticamente improv\u00e1vel&#8221; e teria sido forjado atrav\u00e9s do sistema SYSESCOLA.<\/p>\n<p>A fraude consistiria na cria\u00e7\u00e3o de turmas fict\u00edcias e na inclus\u00e3o de alunos que sequer residem no munic\u00edpio. Com o n\u00famero de matr\u00edculas inflado, a prefeitura garantia um repasse maior do Fundo de Manuten\u00e7\u00e3o e Desenvolvimento da Educa\u00e7\u00e3o B\u00e1sica (Fundeb).<\/p>\n<p>A investiga\u00e7\u00e3o sugere que o aumento artificial de alunos serviu de pretexto para a contrata\u00e7\u00e3o em massa de servidores tempor\u00e1rios. De acordo com os autos, a Lei Municipal 002\/2024 previa 2.518 vagas. Em agosto de 2024, a gest\u00e3o mantinha 3.185 contratados, o que corresponde a 636 acima do permitido. Para o MPF, essas contrata\u00e7\u00f5es visavam criar uma &#8220;moeda de troca eleitoral&#8221;, gerando depend\u00eancia financeira na popula\u00e7\u00e3o local e abrigando poss\u00edveis &#8220;servidores fantasmas&#8221;.<\/p>\n<p>M\u00e1rcio Victor Santos Andrade, ex-secret\u00e1rio de Educa\u00e7\u00e3o, tamb\u00e9m \u00e9 alvo das investiga\u00e7\u00f5es, pois foi ordenador de despesas e respons\u00e1vel pela pasta que gerencia o Educacenso, a oitiva dele foi requerida pelo MPF para esclarecer como as manipula\u00e7\u00f5es operacionais no sistema ocorreram sem o devido bloqueio administrativo.<\/p>\n<p>&nbsp;<\/p>\n<h3>Related Images:<\/h3>","protected":false},"excerpt":{"rendered":"<p>Uma peti\u00e7\u00e3o preliminar do Minist\u00e9rio P\u00fablico Federal p\u00f5e em suspeita Vilma Gomes (MDB), conhecida como&#8230;<\/p>\n","protected":false},"author":1,"featured_media":52393,"comment_status":"closed","ping_status":"open","sticky":false,"template":"","format":"standard","meta":{"sfsi_plus_gutenberg_text_before_share":"","sfsi_plus_gutenberg_show_text_before_share":"","sfsi_plus_gutenberg_icon_type":"","sfsi_plus_gutenberg_icon_alignemt":"","sfsi_plus_gutenburg_max_per_row":"","_exactmetrics_skip_tracking":false,"_exactmetrics_sitenote_active":false,"_exactmetrics_sitenote_note":"","_exactmetrics_sitenote_category":0,"ngg_post_thumbnail":0,"footnotes":""},"categories":[115],"tags":[],"class_list":["post-52392","post","type-post","status-publish","format-standard","has-post-thumbnail","hentry","category-acontece"],"_links":{"self":[{"href":"https:\/\/www.diasdavilaacontece.com\/index.php?rest_route=\/wp\/v2\/posts\/52392","targetHints":{"allow":["GET"]}}],"collection":[{"href":"https:\/\/www.diasdavilaacontece.com\/index.php?rest_route=\/wp\/v2\/posts"}],"about":[{"href":"https:\/\/www.diasdavilaacontece.com\/index.php?rest_route=\/wp\/v2\/types\/post"}],"author":[{"embeddable":true,"href":"https:\/\/www.diasdavilaacontece.com\/index.php?rest_route=\/wp\/v2\/users\/1"}],"replies":[{"embeddable":true,"href":"https:\/\/www.diasdavilaacontece.com\/index.php?rest_route=%2Fwp%2Fv2%2Fcomments&post=52392"}],"version-history":[{"count":2,"href":"https:\/\/www.diasdavilaacontece.com\/index.php?rest_route=\/wp\/v2\/posts\/52392\/revisions"}],"predecessor-version":[{"id":52395,"href":"https:\/\/www.diasdavilaacontece.com\/index.php?rest_route=\/wp\/v2\/posts\/52392\/revisions\/52395"}],"wp:featuredmedia":[{"embeddable":true,"href":"https:\/\/www.diasdavilaacontece.com\/index.php?rest_route=\/wp\/v2\/media\/52393"}],"wp:attachment":[{"href":"https:\/\/www.diasdavilaacontece.com\/index.php?rest_route=%2Fwp%2Fv2%2Fmedia&parent=52392"}],"wp:term":[{"taxonomy":"category","embeddable":true,"href":"https:\/\/www.diasdavilaacontece.com\/index.php?rest_route=%2Fwp%2Fv2%2Fcategories&post=52392"},{"taxonomy":"post_tag","embeddable":true,"href":"https:\/\/www.diasdavilaacontece.com\/index.php?rest_route=%2Fwp%2Fv2%2Ftags&post=52392"}],"curies":[{"name":"wp","href":"https:\/\/api.w.org\/{rel}","templated":true}]}}