{"id":52396,"date":"2026-04-26T12:28:21","date_gmt":"2026-04-26T12:28:21","guid":{"rendered":"https:\/\/www.diasdavilaacontece.com\/?p=52396"},"modified":"2026-04-26T12:28:21","modified_gmt":"2026-04-26T12:28:21","slug":"saiba-o-que-um-influenciador-pode-postar-nas-eleicoes-o-que-e-e-nao-e-permitido","status":"publish","type":"post","link":"https:\/\/www.diasdavilaacontece.com\/?p=52396","title":{"rendered":"SAIBA O QUE UM INFLUENCIADOR PODE POSTAR NAS ELEI\u00c7\u00d5ES: O QUE \u00c9 E N\u00c3O \u00c9 PERMITIDO"},"content":{"rendered":"<p>A legisla\u00e7\u00e3o estabelece limites para a atua\u00e7\u00e3o dos&nbsp;influenciadores digitais&nbsp;em campanhas eleitorais. Eles se tornaram pe\u00e7a central do marketing na redes sociais.<\/p>\n<p>Segundo a legisla\u00e7\u00e3o eleitoral, criadores de conte\u00fado n\u00e3o podem ser contratados nem pagos para fazer propaganda de candidatos. Tamb\u00e9m n\u00e3o \u00e9 permitido &#8216;publis&#8217; ou postagens com pedido de votos.<\/p>\n<p>Conforme o portal G1, os influenciadores podem manifestar apoio ou cr\u00edtica apenas como eleitores e cidad\u00e3os e tudo deve acontecer de forma espont\u00e2nea, sem contrato ou v\u00ednculo com partidos e campanhas.<\/p>\n<p>O desafio das campanhas \u00e9 tentar atrair criadores de forma org\u00e2nica. Do outro lado, a&nbsp;Justi\u00e7a Eleitoral&nbsp;precisa coibir qualquer tipo de propaganda eleitoral disfar\u00e7ada.&nbsp;Os partidos, federa\u00e7\u00f5es, coliga\u00e7\u00f5es e candidatos podem ser punidos com multas, obriga\u00e7\u00e3o de retirar o conte\u00fado, restri\u00e7\u00f5es de impulsionamento e, em casos mais graves, cassa\u00e7\u00e3o e inelegibilidade por abuso de poder.<\/p>\n<div id=\"chunk-7uneb\">\n<div class=\"mc-column content-text active-extra-styles\" data-block-id=\"15\" data-block-type=\"unstyled\" data-block-weight=\"23\">\n<p class=\"content-text__container\" data-mrf-recirculation=\"Mat\u00e9ria - Links no Texto\" data-track-category=\"Link no Texto\" data-track-links=\"\">Os criadores de conte\u00fado podem ser multados como respons\u00e1veis por veicular a propaganda.<\/p>\n<p class=\"content-text__container\" data-mrf-recirculation=\"Mat\u00e9ria - Links no Texto\" data-track-category=\"Link no Texto\" data-track-links=\"\">Caso divulguem desinforma\u00e7\u00e3o e mentiras, tamb\u00e9m respondem criminalmente.<\/p>\n<\/div>\n<\/div>\n<h3>Related Images:<\/h3>","protected":false},"excerpt":{"rendered":"<p>A legisla\u00e7\u00e3o estabelece limites para a atua\u00e7\u00e3o dos&nbsp;influenciadores digitais&nbsp;em campanhas eleitorais. Eles se tornaram pe\u00e7a&#8230;<\/p>\n","protected":false},"author":1,"featured_media":52397,"comment_status":"closed","ping_status":"open","sticky":false,"template":"","format":"standard","meta":{"sfsi_plus_gutenberg_text_before_share":"","sfsi_plus_gutenberg_show_text_before_share":"","sfsi_plus_gutenberg_icon_type":"","sfsi_plus_gutenberg_icon_alignemt":"","sfsi_plus_gutenburg_max_per_row":"","_exactmetrics_skip_tracking":false,"_exactmetrics_sitenote_active":false,"_exactmetrics_sitenote_note":"","_exactmetrics_sitenote_category":0,"ngg_post_thumbnail":0,"footnotes":""},"categories":[5],"tags":[],"class_list":["post-52396","post","type-post","status-publish","format-standard","has-post-thumbnail","hentry","category-destaques"],"_links":{"self":[{"href":"https:\/\/www.diasdavilaacontece.com\/index.php?rest_route=\/wp\/v2\/posts\/52396","targetHints":{"allow":["GET"]}}],"collection":[{"href":"https:\/\/www.diasdavilaacontece.com\/index.php?rest_route=\/wp\/v2\/posts"}],"about":[{"href":"https:\/\/www.diasdavilaacontece.com\/index.php?rest_route=\/wp\/v2\/types\/post"}],"author":[{"embeddable":true,"href":"https:\/\/www.diasdavilaacontece.com\/index.php?rest_route=\/wp\/v2\/users\/1"}],"replies":[{"embeddable":true,"href":"https:\/\/www.diasdavilaacontece.com\/index.php?rest_route=%2Fwp%2Fv2%2Fcomments&post=52396"}],"version-history":[{"count":1,"href":"https:\/\/www.diasdavilaacontece.com\/index.php?rest_route=\/wp\/v2\/posts\/52396\/revisions"}],"predecessor-version":[{"id":52398,"href":"https:\/\/www.diasdavilaacontece.com\/index.php?rest_route=\/wp\/v2\/posts\/52396\/revisions\/52398"}],"wp:featuredmedia":[{"embeddable":true,"href":"https:\/\/www.diasdavilaacontece.com\/index.php?rest_route=\/wp\/v2\/media\/52397"}],"wp:attachment":[{"href":"https:\/\/www.diasdavilaacontece.com\/index.php?rest_route=%2Fwp%2Fv2%2Fmedia&parent=52396"}],"wp:term":[{"taxonomy":"category","embeddable":true,"href":"https:\/\/www.diasdavilaacontece.com\/index.php?rest_route=%2Fwp%2Fv2%2Fcategories&post=52396"},{"taxonomy":"post_tag","embeddable":true,"href":"https:\/\/www.diasdavilaacontece.com\/index.php?rest_route=%2Fwp%2Fv2%2Ftags&post=52396"}],"curies":[{"name":"wp","href":"https:\/\/api.w.org\/{rel}","templated":true}]}}