{"id":52401,"date":"2026-04-28T10:43:37","date_gmt":"2026-04-28T10:43:37","guid":{"rendered":"https:\/\/www.diasdavilaacontece.com\/?p=52401"},"modified":"2026-04-28T10:43:37","modified_gmt":"2026-04-28T10:43:37","slug":"4-pessoas-de-uma-mesma-familia-foram-assassinadas-ha-20-anos-atras-em-dias-davila-suspeito-e-preso","status":"publish","type":"post","link":"https:\/\/www.diasdavilaacontece.com\/?p=52401","title":{"rendered":"4 PESSOAS DE UMA MESMA FAM\u00cdLIA FORAM ASSASSINADAS H\u00c1 20 ANOS ATR\u00c1S EM DIAS D&#8217;\u00c1VILA: SUSPEITO \u00c9 PRESO"},"content":{"rendered":"<p>H\u00e1 mais de 20 anos atr\u00e1s, Dias d&#8217;\u00c1vila foi palco de um crime que foi noticiado por toda a Bahia, e agora, um homem apontado como autor deste crime foi preso. Pedro Augusto \u00e9 acusado de assassinar quatro pessoas da pr\u00f3pria fam\u00edlia no munic\u00edpio de Dias d\u2019\u00c1vila, em 2007. A pris\u00e3o foi realizada ap\u00f3s levantamento do N\u00facleo de Intelig\u00eancia do Departamento de Pol\u00edcia T\u00e9cnica (DPT) e localizado por equipes do Batalh\u00e3o de Pol\u00edcia Rodovi\u00e1ria (BPRV), e encaminhado para a sede da Polinter, onde esta \u00e0 disposi\u00e7\u00e3o da Justi\u00e7a.<\/p>\n<p>O preso \u00e9 acusado de matar a esposa, Maria da Concei\u00e7\u00e3o da Cruz Rangel, de 34 anos; a sogra, Maria Jos\u00e9 da Cruz Rangel, de 60; a av\u00f3 da companheira, Maria Celeste da Cruz, de 92; e a pr\u00f3pria filha, Ana B\u00e1rbara, de apenas 11 meses. As v\u00edtimas foram mortas com golpes de objeto contundente. Al\u00e9m das mortes, o homem tamb\u00e9m \u00e9 investigado por agredir uma sobrinha de 4 anos, que sobreviveu ao ataque e foi encontrada gravemente ferida vagando na rua. Parte dos corpos foi carbonizada e descartada em um lix\u00e3o da regi\u00e3o.<\/p>\n<p>O crime aconteceu no dia 25 de janeiro de 2007 e veio \u00e0 tona ap\u00f3s a crian\u00e7a ser encontrada,&nbsp; o que levou a pol\u00edcia a iniciar as buscas e descobrir os assassinatos. Conforme as apura\u00e7\u00f5es, o suspeito confessou o crime e afirmou que as agress\u00f5es come\u00e7aram ap\u00f3s uma discuss\u00e3o com a esposa.&nbsp;<\/p>\n<p>Ap\u00f3s o crime, ele chegou a apresentar vers\u00f5es contradit\u00f3rias \u00e0s autoridades, tentando encobrir o desaparecimento das v\u00edtimas. Com a pris\u00e3o, o acusado segue custodiado e deve responder pelos crimes na Justi\u00e7a.<\/p>\n<p>&nbsp;<\/p>\n<p>.<\/p>\n<p>Foto: Redes sociais (sem autoria)<\/p>\n<h3>Related Images:<\/h3>","protected":false},"excerpt":{"rendered":"<p>H\u00e1 mais de 20 anos atr\u00e1s, Dias d&#8217;\u00c1vila foi palco de um crime que foi&#8230;<\/p>\n","protected":false},"author":1,"featured_media":52402,"comment_status":"closed","ping_status":"open","sticky":false,"template":"","format":"standard","meta":{"sfsi_plus_gutenberg_text_before_share":"","sfsi_plus_gutenberg_show_text_before_share":"","sfsi_plus_gutenberg_icon_type":"","sfsi_plus_gutenberg_icon_alignemt":"","sfsi_plus_gutenburg_max_per_row":"","_exactmetrics_skip_tracking":false,"_exactmetrics_sitenote_active":false,"_exactmetrics_sitenote_note":"","_exactmetrics_sitenote_category":0,"ngg_post_thumbnail":0,"footnotes":""},"categories":[56],"tags":[],"class_list":["post-52401","post","type-post","status-publish","format-standard","has-post-thumbnail","hentry","category-dias-davila"],"_links":{"self":[{"href":"https:\/\/www.diasdavilaacontece.com\/index.php?rest_route=\/wp\/v2\/posts\/52401","targetHints":{"allow":["GET"]}}],"collection":[{"href":"https:\/\/www.diasdavilaacontece.com\/index.php?rest_route=\/wp\/v2\/posts"}],"about":[{"href":"https:\/\/www.diasdavilaacontece.com\/index.php?rest_route=\/wp\/v2\/types\/post"}],"author":[{"embeddable":true,"href":"https:\/\/www.diasdavilaacontece.com\/index.php?rest_route=\/wp\/v2\/users\/1"}],"replies":[{"embeddable":true,"href":"https:\/\/www.diasdavilaacontece.com\/index.php?rest_route=%2Fwp%2Fv2%2Fcomments&post=52401"}],"version-history":[{"count":1,"href":"https:\/\/www.diasdavilaacontece.com\/index.php?rest_route=\/wp\/v2\/posts\/52401\/revisions"}],"predecessor-version":[{"id":52403,"href":"https:\/\/www.diasdavilaacontece.com\/index.php?rest_route=\/wp\/v2\/posts\/52401\/revisions\/52403"}],"wp:featuredmedia":[{"embeddable":true,"href":"https:\/\/www.diasdavilaacontece.com\/index.php?rest_route=\/wp\/v2\/media\/52402"}],"wp:attachment":[{"href":"https:\/\/www.diasdavilaacontece.com\/index.php?rest_route=%2Fwp%2Fv2%2Fmedia&parent=52401"}],"wp:term":[{"taxonomy":"category","embeddable":true,"href":"https:\/\/www.diasdavilaacontece.com\/index.php?rest_route=%2Fwp%2Fv2%2Fcategories&post=52401"},{"taxonomy":"post_tag","embeddable":true,"href":"https:\/\/www.diasdavilaacontece.com\/index.php?rest_route=%2Fwp%2Fv2%2Ftags&post=52401"}],"curies":[{"name":"wp","href":"https:\/\/api.w.org\/{rel}","templated":true}]}}