{"id":52404,"date":"2026-04-28T10:57:27","date_gmt":"2026-04-28T10:57:27","guid":{"rendered":"https:\/\/www.diasdavilaacontece.com\/?p=52404"},"modified":"2026-04-28T10:57:27","modified_gmt":"2026-04-28T10:57:27","slug":"homem-morre-apos-esfaquear-seguranca-e-ser-baleado-no-forum-eleitoral-de-camacari","status":"publish","type":"post","link":"https:\/\/www.diasdavilaacontece.com\/?p=52404","title":{"rendered":"HOMEM MORRE AP\u00d3S ESFAQUEAR SEGURAN\u00c7A E SER BALEADO NO F\u00d3RUM ELEITORAL DE CAMA\u00c7ARI"},"content":{"rendered":"<div id=\"firstHalf\">\n<div id=\"chunk-710lc\">\n<div class=\"mc-column content-text active-extra-styles \" data-block-type=\"unstyled\" data-block-weight=\"42\" data-block-id=\"3\">\n<p class=\" content-text__container \" data-track-category=\"Link no Texto\" data-track-links=\"\">Um homem morreu ap\u00f3s esfaquear um vigilante e ser baleado no F\u00f3rum Eleitoral da cidade de&nbsp;Cama\u00e7ari nesta segunda-feira (27).&nbsp;<\/p>\n<\/div>\n<\/div>\n<div class=\"wall protected-content\">\n<div id=\"chunk-qer0\">\n<div class=\"mc-column content-text active-extra-styles \" data-block-type=\"unstyled\" data-block-weight=\"49\" data-block-id=\"5\">\n<p class=\" content-text__container \" data-track-category=\"Link no Texto\" data-track-links=\"\">Segundo informa\u00e7\u00f5es da pol\u00edcia, o homem foi identificado como&nbsp;<strong>Alexandro dos Santos<\/strong>, de 36 anos. Conforme o TRE-BA, ele havia realizado o servi\u00e7o de regulariza\u00e7\u00e3o eleitoral quando agrediu um agente de seguran\u00e7a terceirizado com uma faca. A pol\u00edcia detalha que o suspeito teria tentado roubar a arma do profissional. Diante do risco da situa\u00e7\u00e3o, o vigilante reagiu e disparou contra o homem, que morreu ainda no local. A Pol\u00edcia Militar&nbsp;foi acionada e isolou a \u00e1rea. Como a situa\u00e7\u00e3o aconteceu dentro de um pr\u00e9dio da Justi\u00e7a Federal, a&nbsp;Pol\u00edcia Federal&nbsp;(PF) tamb\u00e9m foi acionada para realiza\u00e7\u00e3o de per\u00edcia.<\/p>\n<\/div>\n<\/div>\n<div id=\"chunk-1qqfk\">\n<div class=\"content-ads content-ads--reveal\" data-block-type=\"ads\" data-block-id=\"7\">&nbsp;<\/div>\n<\/div>\n<div id=\"chunk-e2d0c\">\n<div class=\"mc-column content-text active-extra-styles\" data-block-type=\"raw\" data-block-weight=\"12\" data-block-id=\"8\">\n<p>O agente de seguran\u00e7a recebeu atendimento pelo Servi\u00e7o M\u00f3vel de Atendimento de Urg\u00eancia (Samu) e n\u00e3o corre risco de morte.<\/p>\n<\/div>\n<\/div>\n<div id=\"chunk-19j4l\">\n<div class=\"cxm-block-video content-media mc-column \" data-block-type=\"backstage-video\" data-block-id=\"10\">\n<div class=\"cxm-block-video__container cxm-block-video__container--fallback \">\n<div class=\"cxm-block-video__player-fixer\">\n<article class=\"cxm-block-video__player-wrapper\">\n<section class=\"cxm-block-video__player\">\n<div class=\"cxm-block-video__placeholder\" data-video-id=\"992055\">Ainda por meio de nota, o TRE-BA informou que a Secretaria de Gest\u00e3o de Pessoas do Tribunal esteve nos cart\u00f3rios ap\u00f3s o caso e adotou todas as medidas cab\u00edveis para acolhimento e acompanhamento f\u00edsico e mental dos servidores e colaboradores. O \u00f3rg\u00e3o refor\u00e7ou que o profissional ferido tamb\u00e9m est\u00e1 sendo acompanhado.<\/div>\n<\/section>\n<\/article>\n<\/div>\n<\/div>\n<\/div>\n<\/div>\n<div id=\"chunk-df1rn\">\n<div class=\"mc-column content-text active-extra-styles \" data-block-type=\"unstyled\" data-block-weight=\"22\" data-block-id=\"13\">\n<p class=\" content-text__container \" data-track-category=\"Link no Texto\" data-track-links=\"\">Apesar da situa\u00e7\u00e3o, os cart\u00f3rios eleitorais de Cama\u00e7ari seguem abertos para atendimento ao p\u00fablico, de segunda a sexta-feira, das 8h \u00e0s 14h.<\/p>\n<\/div>\n<\/div>\n<\/div>\n<\/div>\n<h3>Related Images:<\/h3>","protected":false},"excerpt":{"rendered":"<p>Um homem morreu ap\u00f3s esfaquear um vigilante e ser baleado no F\u00f3rum Eleitoral da cidade&#8230;<\/p>\n","protected":false},"author":1,"featured_media":52405,"comment_status":"closed","ping_status":"open","sticky":false,"template":"","format":"standard","meta":{"sfsi_plus_gutenberg_text_before_share":"","sfsi_plus_gutenberg_show_text_before_share":"","sfsi_plus_gutenberg_icon_type":"","sfsi_plus_gutenberg_icon_alignemt":"","sfsi_plus_gutenburg_max_per_row":"","_exactmetrics_skip_tracking":false,"_exactmetrics_sitenote_active":false,"_exactmetrics_sitenote_note":"","_exactmetrics_sitenote_category":0,"ngg_post_thumbnail":0,"footnotes":""},"categories":[115],"tags":[],"class_list":["post-52404","post","type-post","status-publish","format-standard","has-post-thumbnail","hentry","category-acontece"],"_links":{"self":[{"href":"https:\/\/www.diasdavilaacontece.com\/index.php?rest_route=\/wp\/v2\/posts\/52404","targetHints":{"allow":["GET"]}}],"collection":[{"href":"https:\/\/www.diasdavilaacontece.com\/index.php?rest_route=\/wp\/v2\/posts"}],"about":[{"href":"https:\/\/www.diasdavilaacontece.com\/index.php?rest_route=\/wp\/v2\/types\/post"}],"author":[{"embeddable":true,"href":"https:\/\/www.diasdavilaacontece.com\/index.php?rest_route=\/wp\/v2\/users\/1"}],"replies":[{"embeddable":true,"href":"https:\/\/www.diasdavilaacontece.com\/index.php?rest_route=%2Fwp%2Fv2%2Fcomments&post=52404"}],"version-history":[{"count":1,"href":"https:\/\/www.diasdavilaacontece.com\/index.php?rest_route=\/wp\/v2\/posts\/52404\/revisions"}],"predecessor-version":[{"id":52406,"href":"https:\/\/www.diasdavilaacontece.com\/index.php?rest_route=\/wp\/v2\/posts\/52404\/revisions\/52406"}],"wp:featuredmedia":[{"embeddable":true,"href":"https:\/\/www.diasdavilaacontece.com\/index.php?rest_route=\/wp\/v2\/media\/52405"}],"wp:attachment":[{"href":"https:\/\/www.diasdavilaacontece.com\/index.php?rest_route=%2Fwp%2Fv2%2Fmedia&parent=52404"}],"wp:term":[{"taxonomy":"category","embeddable":true,"href":"https:\/\/www.diasdavilaacontece.com\/index.php?rest_route=%2Fwp%2Fv2%2Fcategories&post=52404"},{"taxonomy":"post_tag","embeddable":true,"href":"https:\/\/www.diasdavilaacontece.com\/index.php?rest_route=%2Fwp%2Fv2%2Ftags&post=52404"}],"curies":[{"name":"wp","href":"https:\/\/api.w.org\/{rel}","templated":true}]}}